{"id":3597,"date":"2021-10-25T00:54:42","date_gmt":"2021-10-25T00:54:42","guid":{"rendered":"https:\/\/cocreations.ca\/2021\/10\/25\/la-passion-sur-un-plan-de-mise-a-cote\/"},"modified":"2022-09-17T00:21:53","modified_gmt":"2022-09-17T00:21:53","slug":"la-passion-sur-un-plan-de-mise-a-cote","status":"publish","type":"post","link":"https:\/\/cocreations.ca\/fr\/2021\/10\/25\/la-passion-sur-un-plan-de-mise-a-cote\/","title":{"rendered":"La Passion sur un Plan de Mise \u00e0 C\u00f4t\u00e9"},"content":{"rendered":"<p>[et_pb_section fb_built=\u00a0\u00bb1&Prime; _builder_version=\u00a0\u00bb4.11.4&Prime; _module_preset=\u00a0\u00bbdefault\u00a0\u00bb][et_pb_row _builder_version=\u00a0\u00bb4.11.4&Prime; _module_preset=\u00a0\u00bbdefault\u00a0\u00bb][et_pb_column _builder_version=\u00a0\u00bb4.11.4&Prime; _module_preset=\u00a0\u00bbdefault\u00a0\u00bb type=\u00a0\u00bb4_4&Prime;][et_pb_text _builder_version=\u00a0\u00bb4.11.4&Prime; _module_preset=\u00a0\u00bbdefault\u00a0\u00bb hover_enabled=\u00a0\u00bb0&Prime; sticky_enabled=\u00a0\u00bb0&Prime;]<\/p>\n<p class=\"p1\">Lorsqu&rsquo;il s&rsquo;agit de faire ce que nous aimons, combien de fois devons-nous nous entendre dire \u00ab\u00a0Je le ferai quand&#8230;\u00a0\u00bb ou \u00ab\u00a0J&rsquo;aimerais avoir du temps pour \u00e7a\u00a0\u00bb avant de faire ce qui nous apporte de la joie ?<span class=\"Apple-converted-space\">  <\/span>Ou est-ce qu&rsquo;on y arrive tout court ? <\/p>\n<p class=\"p1\">Dans la vie tr\u00e9pidante que nous menons, \u00eatre dans l&rsquo;ici et maintenant est souvent un d\u00e9fi.<span class=\"Apple-converted-space\">  <\/span>De temps en temps, je me souviens de m&rsquo;arr\u00eater et de prendre une respiration compl\u00e8te, permettant \u00e0 mon environnement de se r\u00e9v\u00e9ler tel qu&rsquo;il est.<span class=\"Apple-converted-space\">  <\/span>Cet \u00e9tat momentan\u00e9 de non-jugement engendre un espace paisible qui impr\u00e8gne les pens\u00e9es et les activit\u00e9s qui suivent. <\/p>\n<p class=\"p1\">D&rsquo;autres fois, dans ce tourbillon, je parviens \u00e0 m&rsquo;immerger dans des moments qui captivent mon esprit et mon c\u0153ur : \u00eatre totalement pr\u00e9sente et vivante.<\/p>\n<p class=\"p1\">En tant que conceptrice d&rsquo;\u00e9clairage architectural, il me vient souvent \u00e0 l&rsquo;esprit que la lumi\u00e8re s&rsquo;apparente \u00e0 la fa\u00e7on dont nous illuminons notre vie.<span class=\"Apple-converted-space\">  <\/span>La lumi\u00e8re fa\u00e7onne l&rsquo;espace, contr\u00f4le l&rsquo;atmosph\u00e8re et focalise l&rsquo;attention. <\/p>\n<p class=\"p1\">La lumi\u00e8re fait partie int\u00e9grante de la fa\u00e7on dont nous voyons et, surtout, de la fa\u00e7on dont nous percevons notre monde. L&rsquo;obscurit\u00e9 est bien plus que l&rsquo;absence de lumi\u00e8re : c&rsquo;est un univers entier de formes cach\u00e9es. Lorsque la lumi\u00e8re \u00e9merge, elle fait na\u00eetre une forme de cette obscurit\u00e9, qui a un sens par rapport \u00e0 sa toile de fond.  <\/p>\n<p class=\"p1\">Symboliquement, de m\u00eame que l&rsquo;\u00e9clairage doit \u00eatre organis\u00e9 de mani\u00e8re r\u00e9fl\u00e9chie pour \u00eatre efficace et utile, le fait d&rsquo;\u00e9clairer notre propre vie permet de mettre de l&rsquo;ordre et de nous \u00e9clairer. Il est essentiel de conna\u00eetre nos propres points forts et nos points faibles : <span class=\"Apple-converted-space\">  <\/span>L&rsquo;illumination, comme l&rsquo;\u00e9veillement, nous permet de cr\u00e9er une vie artistique et passionn\u00e9e.<\/p>\n<p class=\"p2\">Saisir l&rsquo;essence de la passion pour la vie est un manifeste convaincant de Dave Culiner :<\/p>\n<p class=\"p2\">\n<p>[\/et_pb_text][\/et_pb_column][\/et_pb_row][et_pb_row _builder_version=\u00a0\u00bb4.11.4&Prime; _module_preset=\u00a0\u00bbdefault\u00a0\u00bb column_structure=\u00a0\u00bb1_5,3_5,1_5&Prime;][et_pb_column _builder_version=\u00a0\u00bb4.11.4&Prime; _module_preset=\u00a0\u00bbdefault\u00a0\u00bb type=\u00a0\u00bb1_5&Prime;][\/et_pb_column][et_pb_column _builder_version=\u00a0\u00bb4.11.4&Prime; _module_preset=\u00a0\u00bbdefault\u00a0\u00bb type=\u00a0\u00bb3_5&Prime;][et_pb_text _builder_version=\u00a0\u00bb4.11.4&Prime; _module_preset=\u00a0\u00bbdefault\u00a0\u00bb hover_enabled=\u00a0\u00bb0&Prime; sticky_enabled=\u00a0\u00bb0&Prime;]<\/p>\n<p class=\"p3\"><span style=\"font-size: 17px;\">AimeCetteVie&#8230;<\/span><\/p>\n<p class=\"p2\">c&rsquo;est c\u00e9l\u00e9brer l&rsquo;instant pr\u00e9sent<\/p>\n<p class=\"p2\">et que nous ne sommes pas garantis ou redevables d&rsquo;un autre jour<\/p>\n<p class=\"p2\">et comme c&rsquo;est cool que ce qu&rsquo;on cache<\/p>\n<p class=\"p2\">peut en fait \u00eatre le carburant de notre gloire<\/p>\n<p class=\"p2\">et que ce n&rsquo;est pas si mal d&rsquo;avoir tort<\/p>\n<p class=\"p2\">AimeCetteVie&#8230;<\/p>\n<p class=\"p2\">c&rsquo;est accueillir le tournant aveugle<\/p>\n<p class=\"p2\">et la possibilit\u00e9<\/p>\n<p class=\"p2\">qu&rsquo;il n&rsquo;y a pas de co\u00efncidence<\/p>\n<p class=\"p2\">et que l&#8217;empathie est incroyablement sexy<\/p>\n<p class=\"p2\">et qu&rsquo;il n&rsquo;est jamais trop tard<\/p>\n<p class=\"p2\">de prendre une guitare ou un pinceau<\/p>\n<p class=\"p2\">ou pour faire un amendement ou pour se faire un nouvel ami<\/p>\n<p class=\"p2\">AimeCetteVie&#8230;<\/p>\n<p class=\"p2\">pourrait \u00eatre de raviver une flamme pass\u00e9e<\/p>\n<p class=\"p2\">ou d&rsquo;en allumer une nouvelle<\/p>\n<p class=\"p2\">ou la transformation d&rsquo;un r\u00eaveur en un faiseur<\/p>\n<p class=\"p2\">ou savourer la caresse d&rsquo;un amour disparu depuis longtemps<\/p>\n<p class=\"p2\">AimeCetteVie&#8230;<\/p>\n<p class=\"p2\">signifie ce que vous voulez que cela signifie<\/p>\n<p class=\"p2\">parce que<\/p>\n<p class=\"p2\">AimeCetteVie&#8230;<\/p>\n<p class=\"p2\">est une c\u00e9l\u00e9bration de vous et de votre chemin<\/p>\n<p class=\"p2\">AimeCetteVie&#8230;<\/p>\n<p class=\"p2\">parce que \u00e7a peut partir \u00e0 tout moment<\/p>\n<p class=\"p2\">tu es g\u00e9nial.\u00a0\u00bb<\/p>\n<p class=\"p4\">&#8211; Dave Culiner<\/p>\n<p>[\/et_pb_text][\/et_pb_column][et_pb_column _builder_version=\u00a0\u00bb4.11.4&Prime; _module_preset=\u00a0\u00bbdefault\u00a0\u00bb type=\u00a0\u00bb1_5&Prime;][\/et_pb_column][\/et_pb_row][et_pb_row _builder_version=\u00a0\u00bb4.11.4&Prime; _module_preset=\u00a0\u00bbdefault\u00a0\u00bb][et_pb_column _builder_version=\u00a0\u00bb4.11.4&Prime; _module_preset=\u00a0\u00bbdefault\u00a0\u00bb type=\u00a0\u00bb4_4&Prime;][et_pb_text _builder_version=\u00a0\u00bb4.11.4&Prime; _module_preset=\u00a0\u00bbdefault\u00a0\u00bb hover_enabled=\u00a0\u00bb0&Prime; sticky_enabled=\u00a0\u00bb0&Prime;]<\/p>\n<p class=\"p1\">Quelle est la r\u00e9compense sp\u00e9ciale pour tout faire passer avant nos propres r\u00eaves ?<span class=\"Apple-converted-space\">  <\/span>Quelles sont les mesures incitatives qui en valent la peine ?<span class=\"Apple-converted-space\">  <\/span>Puisque les responsabilit\u00e9s, la famille, la survie financi\u00e8re et le travail sont essentiels \u00e0 notre bien-\u00eatre, la question pourrait \u00eatre reformul\u00e9e : \u00ab\u00a0Qu&rsquo;est-ce qui me fait me sentir bien d&rsquo;\u00eatre en vie ?\u00a0\u00bb ou \u00ab\u00a0Quelle part de temps puis-je consacrer \u00e0 ce qui compte le plus pour moi ?\u00a0\u00bb.<\/p>\n<p class=\"p1\">Trouver de grandes quantit\u00e9s de temps n&rsquo;est peut-\u00eatre pas la solution.<span class=\"Apple-converted-space\">  <\/span>Trouver des moyens de modifier nos perceptions et de recadrer nos actions dans les moindres d\u00e9tails est le d\u00e9but d&rsquo;un chemin vers le bien-\u00eatre.<span class=\"Apple-converted-space\">  <\/span>Cela demande du temps et de la pratique, mais cela ne signifie pas que \u00e7a doit \u00eatre ardu ou sans joie !<\/p>\n<p class=\"p1\">Prendre conscience des moments o\u00f9 nous ressentons un profond sentiment de joie, d&rsquo;aisance ou d&rsquo;absence de fronti\u00e8res nous apporte des indices essentiels.<span class=\"Apple-converted-space\">    <\/span>Ensuite, l\u2019int\u00e9gration de petites habitudes g\u00e9rables dans notre quotidien permet de jeter les fondements de notre habitat de r\u00eave, au sens propre comme au sens figur\u00e9 !<span class=\"Apple-converted-space\">  <\/span>Il est essentiel de prendre le temps de ralentir suffisamment pour \u00ab s\u2019arr\u00eater pour sentir les roses \u00bb.<\/p>\n<p class=\"p1\">Le moment le plus pr\u00e9cieux pour s&rsquo;arr\u00eater et sentir les bourgeons en fleurs est sans doute le printemps, lorsque M\u00e8re Nature secoue la morosit\u00e9 de l&rsquo;hiver et nous appelle \u00e0 courir pieds nus dans l&rsquo;herbe retrouv\u00e9e.<span class=\"Apple-converted-space\">  <\/span>L&rsquo;odeur des magnolias printaniers est une curiosit\u00e9, \u00e0 la fois exaltante et ancrante. Et ils sont presque pr\u00eats \u00e0 sortir de leurs douces enveloppes de fourrure pour nous offrir de merveilleux moments ! <\/p>\n<p class=\"p1\">\n<p class=\"p2\">Premi\u00e8re publication dans le magazine Tone, avril 2011<\/p>\n<p>[\/et_pb_text][\/et_pb_column][\/et_pb_row][\/et_pb_section]<\/p>\n","protected":false},"excerpt":{"rendered":"<p>Lorsqu&rsquo;il s&rsquo;agit de faire ce que nous aimons, combien de fois devons-nous nous entendre dire \u00ab\u00a0Je le ferai quand&#8230;\u00a0\u00bb ou \u00ab\u00a0J&rsquo;aimerais avoir du temps pour \u00e7a\u00a0\u00bb avant de faire ce qui nous apporte de la joie ? Ou est-ce qu&rsquo;on y arrive tout court ? Dans la vie tr\u00e9pidante que nous menons, \u00eatre dans l&rsquo;ici [&hellip;]<\/p>\n","protected":false},"author":1,"featured_media":3160,"comment_status":"open","ping_status":"open","sticky":false,"template":"","format":"standard","meta":{"_et_pb_use_builder":"on","_et_pb_old_content":"","_et_gb_content_width":"","footnotes":""},"categories":[184,192],"tags":[],"post_folder":[],"class_list":["post-3597","post","type-post","status-publish","format-standard","has-post-thumbnail","hentry","category-bien-etre","category-sante-mentale"],"_links":{"self":[{"href":"https:\/\/cocreations.ca\/fr\/wp-json\/wp\/v2\/posts\/3597","targetHints":{"allow":["GET"]}}],"collection":[{"href":"https:\/\/cocreations.ca\/fr\/wp-json\/wp\/v2\/posts"}],"about":[{"href":"https:\/\/cocreations.ca\/fr\/wp-json\/wp\/v2\/types\/post"}],"author":[{"embeddable":true,"href":"https:\/\/cocreations.ca\/fr\/wp-json\/wp\/v2\/users\/1"}],"replies":[{"embeddable":true,"href":"https:\/\/cocreations.ca\/fr\/wp-json\/wp\/v2\/comments?post=3597"}],"version-history":[{"count":2,"href":"https:\/\/cocreations.ca\/fr\/wp-json\/wp\/v2\/posts\/3597\/revisions"}],"predecessor-version":[{"id":3599,"href":"https:\/\/cocreations.ca\/fr\/wp-json\/wp\/v2\/posts\/3597\/revisions\/3599"}],"wp:featuredmedia":[{"embeddable":true,"href":"https:\/\/cocreations.ca\/fr\/wp-json\/wp\/v2\/media\/3160"}],"wp:attachment":[{"href":"https:\/\/cocreations.ca\/fr\/wp-json\/wp\/v2\/media?parent=3597"}],"wp:term":[{"taxonomy":"category","embeddable":true,"href":"https:\/\/cocreations.ca\/fr\/wp-json\/wp\/v2\/categories?post=3597"},{"taxonomy":"post_tag","embeddable":true,"href":"https:\/\/cocreations.ca\/fr\/wp-json\/wp\/v2\/tags?post=3597"},{"taxonomy":"post_folder","embeddable":true,"href":"https:\/\/cocreations.ca\/fr\/wp-json\/wp\/v2\/post_folder?post=3597"}],"curies":[{"name":"wp","href":"https:\/\/api.w.org\/{rel}","templated":true}]}}