{"id":3591,"date":"2021-10-25T21:23:01","date_gmt":"2021-10-26T01:23:01","guid":{"rendered":"https:\/\/cocreations.ca\/2021\/10\/25\/recit-pecha-kucha\/"},"modified":"2022-09-17T00:22:23","modified_gmt":"2022-09-17T00:22:23","slug":"recit-pecha-kucha","status":"publish","type":"post","link":"https:\/\/cocreations.ca\/fr\/2021\/10\/25\/recit-pecha-kucha\/","title":{"rendered":"R\u00e9cit Pecha Kucha"},"content":{"rendered":"<p>[et_pb_section fb_built=\u00a0\u00bb1&Prime; _builder_version=\u00a0\u00bb4.11.4&Prime; _module_preset=\u00a0\u00bbdefault\u00a0\u00bb global_colors_info=\u00a0\u00bb{}\u00a0\u00bb][et_pb_row _builder_version=\u00a0\u00bb4.11.4&Prime; _module_preset=\u00a0\u00bbdefault\u00a0\u00bb global_colors_info=\u00a0\u00bb{}\u00a0\u00bb][et_pb_column type=\u00a0\u00bb4_4&Prime; _builder_version=\u00a0\u00bb4.11.4&Prime; _module_preset=\u00a0\u00bbdefault\u00a0\u00bb global_colors_info=\u00a0\u00bb{}\u00a0\u00bb][et_pb_text _builder_version=\u00a0\u00bb4.11.4&Prime; _module_preset=\u00a0\u00bbdefault\u00a0\u00bb global_colors_info=\u00a0\u00bb{}\u00a0\u00bb]<\/p>\n<p class=\"p1\">Pecha Kucha signifie \u00ab\u00a0causer, ou bavarder\u00a0\u00bb en japonais. Il s&rsquo;agit d&rsquo;un format de pr\u00e9sentation de narration cr\u00e9ative dans lequel 20 images choisies sont montr\u00e9es pendant 20 secondes chacune. En d&rsquo;autres termes, vous disposez d&rsquo;un peu moins de 7 minutes pour raconter votre histoire, avec des visuels pour vous guider. Cet exutoire cr\u00e9atif est n\u00e9 de rencontres nocturnes organis\u00e9es \u00e0 Tokyo en 2003 par deux architectes de renom. Depuis lors, trois millions de personnes ont assist\u00e9 \u00e0 des \u00e9v\u00e9nements Pecha Kucha dans le monde entier.     <\/p>\n<p class=\"p2\">Le manifeste de Pecha Kucha Ottawa sur la \u00ab\u00a0cr\u00e9ation de villes cr\u00e9atives\u00a0\u00bb se trouve \u00e0 la fin de ce billet.<\/p>\n<p>[\/et_pb_text][\/et_pb_column][\/et_pb_row][et_pb_row column_structure=\u00a0\u00bb1_2,1_2&Prime; _builder_version=\u00a0\u00bb4.11.4&Prime; _module_preset=\u00a0\u00bbdefault\u00a0\u00bb global_colors_info=\u00a0\u00bb{}\u00a0\u00bb][et_pb_column type=\u00a0\u00bb1_2&Prime; _builder_version=\u00a0\u00bb4.11.4&Prime; _module_preset=\u00a0\u00bbdefault\u00a0\u00bb global_colors_info=\u00a0\u00bb{}\u00a0\u00bb][et_pb_image src=\u00a0\u00bbhttps:\/\/cocreations.ca\/wp-content\/uploads\/2021\/10\/Louise-Lalande-Pecha-Kucha-Presentation-01wb.jpg\u00a0\u00bb title_text=\u00a0\u00bbLouise Lalande Pr\u00e9sentation Pecha Kucha 01wb\u00a0\u00bb _builder_version=\u00a0\u00bb4.11.4&Prime; _module_preset=\u00a0\u00bbdefault\u00a0\u00bb global_colors_info=\u00a0\u00bb{}\u00a0\u00bb][\/et_pb_image][\/et_pb_column][et_pb_column type=\u00a0\u00bb1_2&Prime; _builder_version=\u00a0\u00bb4.11.4&Prime; _module_preset=\u00a0\u00bbdefault\u00a0\u00bb global_colors_info=\u00a0\u00bb{}\u00a0\u00bb][et_pb_text _builder_version=\u00a0\u00bb4.11.4&Prime; _module_preset=\u00a0\u00bbdefault\u00a0\u00bb global_colors_info=\u00a0\u00bb{}\u00a0\u00bb]<\/p>\n<p class=\"p1\">Bonjour \u00e0 tous, c&rsquo;est un plaisir d&rsquo;\u00eatre ici. Merveilleuse soir\u00e9e, n&rsquo;est-ce pas ? <\/p>\n<p class=\"p1\">Ce soir, je partage avec vous quelques-uns de mes sujets pr\u00e9f\u00e9r\u00e9s : la beaut\u00e9, l&rsquo;harmonie, le design, et comment ils s&rsquo;appliquent \u00e0 la Communaut\u00e9.<\/p>\n<p class=\"p1\">Je partagerai \u00e9galement certaines de mes propres histoires et d\u00e9couvertes en cours de route.<\/p>\n<p>[\/et_pb_text][\/et_pb_column][\/et_pb_row][et_pb_row column_structure=\u00a0\u00bb1_2,1_2&Prime; _builder_version=\u00a0\u00bb4.11.4&Prime; _module_preset=\u00a0\u00bbdefault\u00a0\u00bb global_colors_info=\u00a0\u00bb{}\u00a0\u00bb][et_pb_column type=\u00a0\u00bb1_2&Prime; _builder_version=\u00a0\u00bb4.11.4&Prime; _module_preset=\u00a0\u00bbdefault\u00a0\u00bb global_colors_info=\u00a0\u00bb{}\u00a0\u00bb][et_pb_text _builder_version=\u00a0\u00bb4.11.4&Prime; _module_preset=\u00a0\u00bbdefault\u00a0\u00bb global_colors_info=\u00a0\u00bb{}\u00a0\u00bb]<\/p>\n<p class=\"p1\">J&rsquo;ai \u00e9t\u00e9 la fille d&rsquo;un diplomate d\u00e8s mon plus jeune \u00e2ge. Nous avons voyag\u00e9 dans le monde entier et j&rsquo;ai \u00e9t\u00e9 expos\u00e9e \u00e0 de nombreux endroits, personnes et interpr\u00e9tations de l&rsquo;harmonie.  <\/p>\n<p class=\"p1\">Profond\u00e9ment conscient de l&rsquo;abondance et du manque, j&rsquo;ai connu une grande excitation et un profond chagrin.<\/p>\n<p>[\/et_pb_text][\/et_pb_column][et_pb_column type=\u00a0\u00bb1_2&Prime; _builder_version=\u00a0\u00bb4.11.4&Prime; _module_preset=\u00a0\u00bbdefault\u00a0\u00bb global_colors_info=\u00a0\u00bb{}\u00a0\u00bb][et_pb_image src=\u00a0\u00bbhttps:\/\/cocreations.ca\/wp-content\/uploads\/2021\/10\/Louise-Lalande-Pecha-Kucha-Presentation-02wb.jpg\u00a0\u00bb title_text=\u00a0\u00bbLouise Lalande Pr\u00e9sentation Pecha Kucha 02wb\u00a0\u00bb _builder_version=\u00a0\u00bb4.11.4&Prime; _module_preset=\u00a0\u00bbdefault\u00a0\u00bb global_colors_info=\u00a0\u00bb{}\u00a0\u00bb][\/et_pb_image][\/et_pb_column][\/et_pb_row][et_pb_row column_structure=\u00a0\u00bb1_2,1_2&Prime; _builder_version=\u00a0\u00bb4.11.4&Prime; _module_preset=\u00a0\u00bbdefault\u00a0\u00bb global_colors_info=\u00a0\u00bb{}\u00a0\u00bb][et_pb_column type=\u00a0\u00bb1_2&Prime; _builder_version=\u00a0\u00bb4.11.4&Prime; _module_preset=\u00a0\u00bbdefault\u00a0\u00bb global_colors_info=\u00a0\u00bb{}\u00a0\u00bb][et_pb_image src=\u00a0\u00bbhttps:\/\/cocreations.ca\/wp-content\/uploads\/2021\/10\/Louise-Lalande-Pecha-Kucha-Presentation-03wb.jpg\u00a0\u00bb title_text=\u00a0\u00bbLouise Lalande Pr\u00e9sentation Pecha Kucha 03wb\u00a0\u00bb _builder_version=\u00a0\u00bb4.11.4&Prime; _module_preset=\u00a0\u00bbdefault\u00a0\u00bb global_colors_info=\u00a0\u00bb{}\u00a0\u00bb][\/et_pb_image][\/et_pb_column][et_pb_column type=\u00a0\u00bb1_2&Prime; _builder_version=\u00a0\u00bb4.11.4&Prime; _module_preset=\u00a0\u00bbdefault\u00a0\u00bb global_colors_info=\u00a0\u00bb{}\u00a0\u00bb][et_pb_text _builder_version=\u00a0\u00bb4.11.4&Prime; _module_preset=\u00a0\u00bbdefault\u00a0\u00bb global_colors_info=\u00a0\u00bb{}\u00a0\u00bb]<\/p>\n<p class=\"p1\">D\u00e8s mon plus jeune \u00e2ge, j&rsquo;ai commenc\u00e9 \u00e0 me demander ce qui rendait les gens vraiment heureux ?<\/p>\n<p class=\"p1\">Qu&rsquo;est-ce qui nous fait vibrer ? Quel est le lien avec notre culture ? <\/p>\n<p class=\"p1\">Comment nos croyances th\u00e9ologiques influencent-elles notre bonheur ?<\/p>\n<p>[\/et_pb_text][\/et_pb_column][\/et_pb_row][et_pb_row column_structure=\u00a0\u00bb1_2,1_2&Prime; _builder_version=\u00a0\u00bb4.11.4&Prime; _module_preset=\u00a0\u00bbdefault\u00a0\u00bb global_colors_info=\u00a0\u00bb{}\u00a0\u00bb][et_pb_column type=\u00a0\u00bb1_2&Prime; _builder_version=\u00a0\u00bb4.11.4&Prime; _module_preset=\u00a0\u00bbdefault\u00a0\u00bb global_colors_info=\u00a0\u00bb{}\u00a0\u00bb][et_pb_text _builder_version=\u00a0\u00bb4.11.4&Prime; _module_preset=\u00a0\u00bbdefault\u00a0\u00bb global_colors_info=\u00a0\u00bb{}\u00a0\u00bb]<\/p>\n<p class=\"p1\">J&rsquo;ai pris beaucoup de plaisir et d&rsquo;inspiration en voyant leurs nombreuses expressions dans de nombreux types d&rsquo;art\/artisanat. J&rsquo;ai \u00e9galement commenc\u00e9 \u00e0 sentir et \u00e0 exp\u00e9rimenter comment leurs croyances jouaient un r\u00f4le dans leurs relations ~ avec eux-m\u00eames et avec les autres. <\/p>\n<p>[\/et_pb_text][\/et_pb_column][et_pb_column type=\u00a0\u00bb1_2&Prime; _builder_version=\u00a0\u00bb4.11.4&Prime; _module_preset=\u00a0\u00bbdefault\u00a0\u00bb global_colors_info=\u00a0\u00bb{}\u00a0\u00bb][et_pb_image src=\u00a0\u00bbhttps:\/\/cocreations.ca\/wp-content\/uploads\/2021\/10\/Louise-Lalande-Pecha-Kucha-Presentation-04wb.jpg\u00a0\u00bb title_text=\u00a0\u00bbLouise Lalande Pr\u00e9sentation Pecha Kucha 04wb\u00a0\u00bb _builder_version=\u00a0\u00bb4.11.4&Prime; _module_preset=\u00a0\u00bbdefault\u00a0\u00bb global_colors_info=\u00a0\u00bb{}\u00a0\u00bb][\/et_pb_image][\/et_pb_column][\/et_pb_row][et_pb_row column_structure=\u00a0\u00bb1_2,1_2&Prime; _builder_version=\u00a0\u00bb4.11.4&Prime; _module_preset=\u00a0\u00bbdefault\u00a0\u00bb global_colors_info=\u00a0\u00bb{}\u00a0\u00bb][et_pb_column type=\u00a0\u00bb1_2&Prime; _builder_version=\u00a0\u00bb4.11.4&Prime; _module_preset=\u00a0\u00bbdefault\u00a0\u00bb global_colors_info=\u00a0\u00bb{}\u00a0\u00bb][et_pb_image src=\u00a0\u00bbhttps:\/\/cocreations.ca\/wp-content\/uploads\/2021\/10\/Louise-Lalande-Pecha-Kucha-Presentation-05wb.jpg\u00a0\u00bb title_text=\u00a0\u00bbLouise Lalande Pr\u00e9sentation Pecha Kucha 05wb\u00a0\u00bb _builder_version=\u00a0\u00bb4.11.4&Prime; _module_preset=\u00a0\u00bbdefault\u00a0\u00bb global_colors_info=\u00a0\u00bb{}\u00a0\u00bb][\/et_pb_image][\/et_pb_column][et_pb_column type=\u00a0\u00bb1_2&Prime; _builder_version=\u00a0\u00bb4.11.4&Prime; _module_preset=\u00a0\u00bbdefault\u00a0\u00bb global_colors_info=\u00a0\u00bb{}\u00a0\u00bb][et_pb_text _builder_version=\u00a0\u00bb4.11.4&Prime; _module_preset=\u00a0\u00bbdefault\u00a0\u00bb global_colors_info=\u00a0\u00bb{}\u00a0\u00bb]<\/p>\n<p class=\"p1\">\u00c0 la fin de mon adolescence, j&rsquo;ai commenc\u00e9 \u00e0 m&rsquo;interroger sur la validit\u00e9 de \u00ab\u00a0Dieu\u00a0\u00bb &#8211; Vous vous souvenez de la philosophie 101 ? <\/p>\n<p class=\"p2\">J&rsquo;ai commenc\u00e9 \u00e0 explorer les diff\u00e9rentes interpr\u00e9tations du Divin et comment cela nous affectait. <\/p>\n<p>[\/et_pb_text][\/et_pb_column][\/et_pb_row][et_pb_row column_structure=\u00a0\u00bb1_2,1_2&Prime; _builder_version=\u00a0\u00bb4.11.4&Prime; _module_preset=\u00a0\u00bbdefault\u00a0\u00bb global_colors_info=\u00a0\u00bb{}\u00a0\u00bb][et_pb_column type=\u00a0\u00bb1_2&Prime; _builder_version=\u00a0\u00bb4.11.4&Prime; _module_preset=\u00a0\u00bbdefault\u00a0\u00bb global_colors_info=\u00a0\u00bb{}\u00a0\u00bb][et_pb_text _builder_version=\u00a0\u00bb4.11.4&Prime; _module_preset=\u00a0\u00bbdefault\u00a0\u00bb global_colors_info=\u00a0\u00bb{}\u00a0\u00bb]<\/p>\n<p class=\"p1\">J&rsquo;ai \u00e9tudi\u00e9 la psychologie, puis la d\u00e9coration d&rsquo;int\u00e9rieur &#8211; j&rsquo;ai essentiellement appris comment l&rsquo;espace peut \u00eatre harmonieux pour nous soutenir et nous entretenir. Comment \u00e9quilibrer l&rsquo;esth\u00e9tique et la technologie ; le cerveau droit et le cerveau gauche. <\/p>\n<p>[\/et_pb_text][\/et_pb_column][et_pb_column type=\u00a0\u00bb1_2&Prime; _builder_version=\u00a0\u00bb4.11.4&Prime; _module_preset=\u00a0\u00bbdefault\u00a0\u00bb global_colors_info=\u00a0\u00bb{}\u00a0\u00bb][et_pb_image src=\u00a0\u00bbhttps:\/\/cocreations.ca\/wp-content\/uploads\/2021\/10\/Louise-Lalande-Pecha-Kucha-Presentation-06wb.jpg\u00a0\u00bb title_text=\u00a0\u00bbLouise Lalande Pr\u00e9sentation Pecha Kucha 06wb\u00a0\u00bb _builder_version=\u00a0\u00bb4.11.4&Prime; _module_preset=\u00a0\u00bbdefault\u00a0\u00bb global_colors_info=\u00a0\u00bb{}\u00a0\u00bb][\/et_pb_image][\/et_pb_column][\/et_pb_row][et_pb_row column_structure=\u00a0\u00bb1_2,1_2&Prime; _builder_version=\u00a0\u00bb4.11.4&Prime; _module_preset=\u00a0\u00bbdefault\u00a0\u00bb global_colors_info=\u00a0\u00bb{}\u00a0\u00bb][et_pb_column type=\u00a0\u00bb1_2&Prime; _builder_version=\u00a0\u00bb4.11.4&Prime; _module_preset=\u00a0\u00bbdefault\u00a0\u00bb global_colors_info=\u00a0\u00bb{}\u00a0\u00bb][et_pb_image src=\u00a0\u00bbhttps:\/\/cocreations.ca\/wp-content\/uploads\/2021\/10\/Louise-Lalande-Pecha-Kucha-Presentation-07wb.jpg\u00a0\u00bb title_text=\u00a0\u00bbLouise Lalande Pr\u00e9sentation Pecha Kucha 07wb\u00a0\u00bb _builder_version=\u00a0\u00bb4.11.4&Prime; _module_preset=\u00a0\u00bbdefault\u00a0\u00bb global_colors_info=\u00a0\u00bb{}\u00a0\u00bb][\/et_pb_image][\/et_pb_column][et_pb_column type=\u00a0\u00bb1_2&Prime; _builder_version=\u00a0\u00bb4.11.4&Prime; _module_preset=\u00a0\u00bbdefault\u00a0\u00bb global_colors_info=\u00a0\u00bb{}\u00a0\u00bb][et_pb_text _builder_version=\u00a0\u00bb4.11.4&Prime; _module_preset=\u00a0\u00bbdefault\u00a0\u00bb global_colors_info=\u00a0\u00bb{}\u00a0\u00bb]<\/p>\n<p class=\"p1\">Ma premi\u00e8re carri\u00e8re, en tant que concepteur d&rsquo;\u00e9clairage, a atteint son apog\u00e9e il y a quelques ann\u00e9es avec l&rsquo;\u00e9clairage de la sculpture \u00ab\u00a0Maman\u00a0\u00bb &#8211; la grande araign\u00e9e de Louise Bourgeois &#8211; l&rsquo;araign\u00e9e est un beau symbole de tissage (en fait, sa m\u00e8re \u00e9tait tisserande). J&rsquo;ai donc pu explorer l&rsquo;ombre et la lumi\u00e8re, litt\u00e9ralement et m\u00e9taphoriquement. <\/p>\n<p>[\/et_pb_text][\/et_pb_column][\/et_pb_row][et_pb_row column_structure=\u00a0\u00bb1_2,1_2&Prime; _builder_version=\u00a0\u00bb4.11.4&Prime; _module_preset=\u00a0\u00bbdefault\u00a0\u00bb global_colors_info=\u00a0\u00bb{}\u00a0\u00bb][et_pb_column type=\u00a0\u00bb1_2&Prime; _builder_version=\u00a0\u00bb4.11.4&Prime; _module_preset=\u00a0\u00bbdefault\u00a0\u00bb global_colors_info=\u00a0\u00bb{}\u00a0\u00bb][et_pb_text _builder_version=\u00a0\u00bb4.11.4&Prime; _module_preset=\u00a0\u00bbdefault\u00a0\u00bb global_colors_info=\u00a0\u00bb{}\u00a0\u00bb]<\/p>\n<p class=\"p1\">La cr\u00e9ativit\u00e9 et le processus de cr\u00e9ation m&rsquo;ont captiv\u00e9 et j&rsquo;ai commenc\u00e9 \u00e0 voir \u00e0 quel point ce processus est universel.<\/p>\n<p class=\"p1\">J&rsquo;ai \u00e9galement vu comment le processus cr\u00e9atif pouvait \u00eatre appliqu\u00e9 \u00e0 de nombreux types de cr\u00e9ations, qu&rsquo;il s&rsquo;agisse de jardinage, de cuisine ou de fa\u00e7onnage de notre propre vie.<\/p>\n<p>[\/et_pb_text][\/et_pb_column][et_pb_column type=\u00a0\u00bb1_2&Prime; _builder_version=\u00a0\u00bb4.11.4&Prime; _module_preset=\u00a0\u00bbdefault\u00a0\u00bb global_colors_info=\u00a0\u00bb{}\u00a0\u00bb][et_pb_image src=\u00a0\u00bbhttps:\/\/cocreations.ca\/wp-content\/uploads\/2021\/10\/Louise-Lalande-Pecha-Kucha-Presentation-08wb.jpg\u00a0\u00bb title_text=\u00a0\u00bbLouise Lalande Pr\u00e9sentation Pecha Kucha 08wb\u00a0\u00bb _builder_version=\u00a0\u00bb4.11.4&Prime; _module_preset=\u00a0\u00bbdefault\u00a0\u00bb global_colors_info=\u00a0\u00bb{}\u00a0\u00bb][\/et_pb_image][\/et_pb_column][\/et_pb_row][et_pb_row column_structure=\u00a0\u00bb1_2,1_2&Prime; _builder_version=\u00a0\u00bb4.11.4&Prime; _module_preset=\u00a0\u00bbdefault\u00a0\u00bb global_colors_info=\u00a0\u00bb{}\u00a0\u00bb][et_pb_column type=\u00a0\u00bb1_2&Prime; _builder_version=\u00a0\u00bb4.11.4&Prime; _module_preset=\u00a0\u00bbdefault\u00a0\u00bb global_colors_info=\u00a0\u00bb{}\u00a0\u00bb][et_pb_image src=\u00a0\u00bbhttps:\/\/cocreations.ca\/wp-content\/uploads\/2021\/10\/Louise-Lalande-Pecha-Kucha-Presentation-09wb.jpg\u00a0\u00bb title_text=\u00a0\u00bbLouise Lalande Pr\u00e9sentation Pecha Kucha 09wb\u00a0\u00bb _builder_version=\u00a0\u00bb4.11.4&Prime; _module_preset=\u00a0\u00bbdefault\u00a0\u00bb global_colors_info=\u00a0\u00bb{}\u00a0\u00bb][\/et_pb_image][\/et_pb_column][et_pb_column type=\u00a0\u00bb1_2&Prime; _builder_version=\u00a0\u00bb4.11.4&Prime; _module_preset=\u00a0\u00bbdefault\u00a0\u00bb global_colors_info=\u00a0\u00bb{}\u00a0\u00bb][et_pb_text _builder_version=\u00a0\u00bb4.11.4&Prime; _module_preset=\u00a0\u00bbdefault\u00a0\u00bb global_colors_info=\u00a0\u00bb{}\u00a0\u00bb]<\/p>\n<p class=\"p1\">Au fil des ans, et surtout apr\u00e8s un burnout, il y a 20 ans, il est devenu \u00e9vident que l&rsquo;expression artistique \u00e9tait une puissante source de gu\u00e9rison pour moi. J&rsquo;ai commenc\u00e9 \u00e0 \u00e9tudier le yoga &#8211; et tout comme le yoga incorpore dans ses enseignements, j&rsquo;ai trouv\u00e9 la gu\u00e9rison encore plus puissante en combinant le corps, l&rsquo;esprit et l&rsquo;\u00e2me.<\/p>\n<p>&nbsp;<\/p>\n<p>[\/et_pb_text][\/et_pb_column][\/et_pb_row][et_pb_row column_structure=\u00a0\u00bb1_2,1_2&Prime; _builder_version=\u00a0\u00bb4.11.4&Prime; _module_preset=\u00a0\u00bbdefault\u00a0\u00bb global_colors_info=\u00a0\u00bb{}\u00a0\u00bb][et_pb_column type=\u00a0\u00bb1_2&Prime; _builder_version=\u00a0\u00bb4.11.4&Prime; _module_preset=\u00a0\u00bbdefault\u00a0\u00bb global_colors_info=\u00a0\u00bb{}\u00a0\u00bb][et_pb_text _builder_version=\u00a0\u00bb4.11.4&Prime; _module_preset=\u00a0\u00bbdefault\u00a0\u00bb global_colors_info=\u00a0\u00bb{}\u00a0\u00bb]<\/p>\n<p class=\"p1\">Mon appr\u00e9ciation des milliards de dessins de la nature s&rsquo;est approfondie. Et j&rsquo;ai trouv\u00e9 du r\u00e9confort en me plongeant dans ses constructions, ses cath\u00e9drales, et surtout ses fleurs. Si j&rsquo;\u00e9tais une f\u00e9e, je dormirais dans celles-ci.  <\/p>\n<p>[\/et_pb_text][\/et_pb_column][et_pb_column type=\u00a0\u00bb1_2&Prime; _builder_version=\u00a0\u00bb4.11.4&Prime; _module_preset=\u00a0\u00bbdefault\u00a0\u00bb global_colors_info=\u00a0\u00bb{}\u00a0\u00bb][et_pb_image src=\u00a0\u00bbhttps:\/\/cocreations.ca\/wp-content\/uploads\/2021\/10\/Louise-Lalande-Pecha-Kucha-Presentation-10wb.jpg\u00a0\u00bb title_text=\u00a0\u00bbLouise Lalande Pr\u00e9sentation Pecha Kucha 10wb\u00a0\u00bb _builder_version=\u00a0\u00bb4.11.4&Prime; _module_preset=\u00a0\u00bbdefault\u00a0\u00bb global_colors_info=\u00a0\u00bb{}\u00a0\u00bb][\/et_pb_image][\/et_pb_column][\/et_pb_row][et_pb_row column_structure=\u00a0\u00bb1_2,1_2&Prime; _builder_version=\u00a0\u00bb4.11.4&Prime; _module_preset=\u00a0\u00bbdefault\u00a0\u00bb global_colors_info=\u00a0\u00bb{}\u00a0\u00bb][et_pb_column type=\u00a0\u00bb1_2&Prime; _builder_version=\u00a0\u00bb4.11.4&Prime; _module_preset=\u00a0\u00bbdefault\u00a0\u00bb global_colors_info=\u00a0\u00bb{}\u00a0\u00bb][et_pb_image src=\u00a0\u00bbhttps:\/\/cocreations.ca\/wp-content\/uploads\/2021\/10\/Louise-Lalande-Pecha-Kucha-Presentation-11wb.jpg\u00a0\u00bb title_text=\u00a0\u00bbLouise Lalande Pr\u00e9sentation Pecha Kucha 11wb\u00a0\u00bb _builder_version=\u00a0\u00bb4.11.4&Prime; _module_preset=\u00a0\u00bbdefault\u00a0\u00bb global_colors_info=\u00a0\u00bb{}\u00a0\u00bb][\/et_pb_image][\/et_pb_column][et_pb_column type=\u00a0\u00bb1_2&Prime; _builder_version=\u00a0\u00bb4.11.4&Prime; _module_preset=\u00a0\u00bbdefault\u00a0\u00bb global_colors_info=\u00a0\u00bb{}\u00a0\u00bb][et_pb_text _builder_version=\u00a0\u00bb4.11.4&Prime; _module_preset=\u00a0\u00bbdefault\u00a0\u00bb global_colors_info=\u00a0\u00bb{}\u00a0\u00bb]<\/p>\n<p class=\"p1\">C&rsquo;est avec \u00e9tonnement et une attitude \u00ab\u00a0haha &#8211; c&rsquo;est logique\u00a0\u00bb que je me suis int\u00e9ress\u00e9e au biomim\u00e9tisme, c&rsquo;est-\u00e0-dire \u00e0 la fa\u00e7on dont les brillants \u00ab\u00a0designs\u00a0\u00bb de la nature peuvent nous apprendre \u00e0 concevoir des tissus, des syst\u00e8mes, une architecture et bien d&rsquo;autres choses durables.<\/p>\n<p>[\/et_pb_text][\/et_pb_column][\/et_pb_row][et_pb_row column_structure=\u00a0\u00bb1_2,1_2&Prime; _builder_version=\u00a0\u00bb4.11.4&Prime; _module_preset=\u00a0\u00bbdefault\u00a0\u00bb global_colors_info=\u00a0\u00bb{}\u00a0\u00bb][et_pb_column type=\u00a0\u00bb1_2&Prime; _builder_version=\u00a0\u00bb4.11.4&Prime; _module_preset=\u00a0\u00bbdefault\u00a0\u00bb global_colors_info=\u00a0\u00bb{}\u00a0\u00bb][et_pb_text _builder_version=\u00a0\u00bb4.11.4&Prime; _module_preset=\u00a0\u00bbdefault\u00a0\u00bb global_colors_info=\u00a0\u00bb{}\u00a0\u00bb]<\/p>\n<p class=\"p1\">J&rsquo;ai ensuite d\u00e9couvert des notions de proportions, de beaut\u00e9 et d&rsquo;harmonie qui m&rsquo;ont totalement \u00e9tonn\u00e9. Et en r\u00e9apprenant les concepts de la proportion dor\u00e9e, j&rsquo;ai commenc\u00e9 \u00e0 la voir partout, en nous et \u00e0 l&rsquo;ext\u00e9rieur. <\/p>\n<p>[\/et_pb_text][\/et_pb_column][et_pb_column type=\u00a0\u00bb1_2&Prime; _builder_version=\u00a0\u00bb4.11.4&Prime; _module_preset=\u00a0\u00bbdefault\u00a0\u00bb global_colors_info=\u00a0\u00bb{}\u00a0\u00bb][et_pb_image src=\u00a0\u00bbhttps:\/\/cocreations.ca\/wp-content\/uploads\/2021\/10\/Louise-Lalande-Pecha-Kucha-Presentation-12wb.jpg\u00a0\u00bb title_text=\u00a0\u00bbLouise Lalande Pr\u00e9sentation Pecha Kucha 12wb\u00a0\u00bb _builder_version=\u00a0\u00bb4.11.4&Prime; _module_preset=\u00a0\u00bbdefault\u00a0\u00bb global_colors_info=\u00a0\u00bb{}\u00a0\u00bb][\/et_pb_image][\/et_pb_column][\/et_pb_row][et_pb_row column_structure=\u00a0\u00bb1_2,1_2&Prime; _builder_version=\u00a0\u00bb4.11.4&Prime; _module_preset=\u00a0\u00bbdefault\u00a0\u00bb global_colors_info=\u00a0\u00bb{}\u00a0\u00bb][et_pb_column type=\u00a0\u00bb1_2&Prime; _builder_version=\u00a0\u00bb4.11.4&Prime; _module_preset=\u00a0\u00bbdefault\u00a0\u00bb global_colors_info=\u00a0\u00bb{}\u00a0\u00bb][et_pb_image src=\u00a0\u00bbhttps:\/\/cocreations.ca\/wp-content\/uploads\/2021\/10\/Louise-Lalande-Pecha-Kucha-Presentation-13wb.jpg\u00a0\u00bb title_text=\u00a0\u00bbLouise Lalande Pr\u00e9sentation Pecha Kucha 13wb\u00a0\u00bb _builder_version=\u00a0\u00bb4.11.4&Prime; _module_preset=\u00a0\u00bbdefault\u00a0\u00bb global_colors_info=\u00a0\u00bb{}\u00a0\u00bb][\/et_pb_image][\/et_pb_column][et_pb_column type=\u00a0\u00bb1_2&Prime; _builder_version=\u00a0\u00bb4.11.4&Prime; _module_preset=\u00a0\u00bbdefault\u00a0\u00bb global_colors_info=\u00a0\u00bb{}\u00a0\u00bb][et_pb_text _builder_version=\u00a0\u00bb4.11.4&Prime; _module_preset=\u00a0\u00bbdefault\u00a0\u00bb global_colors_info=\u00a0\u00bb{}\u00a0\u00bb]<\/p>\n<p class=\"p1\">Puis j&rsquo;ai d\u00e9couvert la g\u00e9om\u00e9trie sacr\u00e9e, qui contient math\u00e9matiquement la proportion dor\u00e9e, et \u00e0 partir de laquelle les cinq solides platoniciens (en d&rsquo;autres termes, toutes les formes) \u00e9mergent de cette matrice.<\/p>\n<p class=\"p1\">La fleur de vie est vraiment \u00e9tonnante &#8211; elle est l&rsquo;expression pure des proportions dor\u00e9es. <\/p>\n<p>&nbsp;<\/p>\n<p>[\/et_pb_text][\/et_pb_column][\/et_pb_row][et_pb_row column_structure=\u00a0\u00bb1_2,1_2&Prime; _builder_version=\u00a0\u00bb4.11.4&Prime; _module_preset=\u00a0\u00bbdefault\u00a0\u00bb global_colors_info=\u00a0\u00bb{}\u00a0\u00bb][et_pb_column type=\u00a0\u00bb1_2&Prime; _builder_version=\u00a0\u00bb4.11.4&Prime; _module_preset=\u00a0\u00bbdefault\u00a0\u00bb global_colors_info=\u00a0\u00bb{}\u00a0\u00bb][et_pb_text _builder_version=\u00a0\u00bb4.11.4&Prime; _module_preset=\u00a0\u00bbdefault\u00a0\u00bb global_colors_info=\u00a0\u00bb{}\u00a0\u00bb]<\/p>\n<p class=\"p1\">\u00c9galement connues sous le nom de s\u00e9rie de Fibonacci, ces proportions existent partout. Du niveau cellulaire \u00e0 la fa\u00e7on dont le son et la lumi\u00e8re voyagent, des proportions de notre propre corps \u00e0 celles des galaxies.  <\/p>\n<p class=\"p2\">Incroyable, n&rsquo;est-ce pas ? Fantastique ! Oui !  <\/p>\n<p>[\/et_pb_text][\/et_pb_column][et_pb_column type=\u00a0\u00bb1_2&Prime; _builder_version=\u00a0\u00bb4.11.4&Prime; _module_preset=\u00a0\u00bbdefault\u00a0\u00bb global_colors_info=\u00a0\u00bb{}\u00a0\u00bb][et_pb_image src=\u00a0\u00bbhttps:\/\/cocreations.ca\/wp-content\/uploads\/2021\/10\/Louise-Lalande-Pecha-Kucha-Presentation-14wb.jpg\u00a0\u00bb title_text=\u00a0\u00bbLouise Lalande Pr\u00e9sentation Pecha Kucha 14wb\u00a0\u00bb _builder_version=\u00a0\u00bb4.11.4&Prime; _module_preset=\u00a0\u00bbdefault\u00a0\u00bb global_colors_info=\u00a0\u00bb{}\u00a0\u00bb][\/et_pb_image][\/et_pb_column][\/et_pb_row][et_pb_row column_structure=\u00a0\u00bb1_2,1_2&Prime; _builder_version=\u00a0\u00bb4.11.4&Prime; _module_preset=\u00a0\u00bbdefault\u00a0\u00bb global_colors_info=\u00a0\u00bb{}\u00a0\u00bb][et_pb_column type=\u00a0\u00bb1_2&Prime; _builder_version=\u00a0\u00bb4.11.4&Prime; _module_preset=\u00a0\u00bbdefault\u00a0\u00bb global_colors_info=\u00a0\u00bb{}\u00a0\u00bb][et_pb_image src=\u00a0\u00bbhttps:\/\/cocreations.ca\/wp-content\/uploads\/2021\/10\/Louise-Lalande-Pecha-Kucha-Presentation-15wb.jpg\u00a0\u00bb title_text=\u00a0\u00bbLouise Lalande Pr\u00e9sentation Pecha Kucha 15wb\u00a0\u00bb _builder_version=\u00a0\u00bb4.11.4&Prime; _module_preset=\u00a0\u00bbdefault\u00a0\u00bb global_colors_info=\u00a0\u00bb{}\u00a0\u00bb][\/et_pb_image][\/et_pb_column][et_pb_column type=\u00a0\u00bb1_2&Prime; _builder_version=\u00a0\u00bb4.11.4&Prime; _module_preset=\u00a0\u00bbdefault\u00a0\u00bb global_colors_info=\u00a0\u00bb{}\u00a0\u00bb][et_pb_text _builder_version=\u00a0\u00bb4.11.4&Prime; _module_preset=\u00a0\u00bbdefault\u00a0\u00bb global_colors_info=\u00a0\u00bb{}\u00a0\u00bb]<\/p>\n<p class=\"p1\">Ceci, et ensuite la physique quantique, m&rsquo;ont montr\u00e9 que nous sommes tous connect\u00e9s les uns aux autres et \u00e0 tout ce qui vit.<span class=\"Apple-converted-space\">  <\/span><\/p>\n<p class=\"p1\">Nous sommes UN, et tout ce que nous sommes affecte les uns les autres. Maintenant, \u00e7a c&rsquo;est fantastique, non ? <\/p>\n<p>&nbsp;<\/p>\n<p>[\/et_pb_text][\/et_pb_column][\/et_pb_row][et_pb_row column_structure=\u00a0\u00bb1_2,1_2&Prime; _builder_version=\u00a0\u00bb4.11.4&Prime; _module_preset=\u00a0\u00bbdefault\u00a0\u00bb global_colors_info=\u00a0\u00bb{}\u00a0\u00bb][et_pb_column type=\u00a0\u00bb1_2&Prime; _builder_version=\u00a0\u00bb4.11.4&Prime; _module_preset=\u00a0\u00bbdefault\u00a0\u00bb global_colors_info=\u00a0\u00bb{}\u00a0\u00bb][et_pb_text _builder_version=\u00a0\u00bb4.11.4&Prime; _module_preset=\u00a0\u00bbdefault\u00a0\u00bb global_colors_info=\u00a0\u00bb{}\u00a0\u00bb]<\/p>\n<p class=\"p1\">Donc, il y a environ 12 ans, j&rsquo;ai commenc\u00e9 \u00e0 enseigner le processus cr\u00e9atif. Par le biais d&rsquo;ateliers cr\u00e9atifs, je partage comment nous pouvons acc\u00e9der \u00e0 notre harmonie inn\u00e9e ou \u00e0 notre sagesse inn\u00e9e. <span class=\"Apple-converted-space\">  <\/span><\/p>\n<p class=\"p1\">Certaines personnes l&rsquo;appellent leur inspiration, ou la Source, ou l&rsquo;Esprit Universel, et de nombreux noms d\u00e9crivant le divin.<\/p>\n<p>[\/et_pb_text][\/et_pb_column][et_pb_column type=\u00a0\u00bb1_2&Prime; _builder_version=\u00a0\u00bb4.11.4&Prime; _module_preset=\u00a0\u00bbdefault\u00a0\u00bb global_colors_info=\u00a0\u00bb{}\u00a0\u00bb][et_pb_image src=\u00a0\u00bbhttps:\/\/cocreations.ca\/wp-content\/uploads\/2021\/10\/Louise-Lalande-Pecha-Kucha-Presentation-16wb.jpg\u00a0\u00bb title_text=\u00a0\u00bbLouise Lalande Pr\u00e9sentation Pecha Kucha 16wb\u00a0\u00bb _builder_version=\u00a0\u00bb4.11.4&Prime; _module_preset=\u00a0\u00bbdefault\u00a0\u00bb global_colors_info=\u00a0\u00bb{}\u00a0\u00bb][\/et_pb_image][\/et_pb_column][\/et_pb_row][et_pb_row column_structure=\u00a0\u00bb1_2,1_2&Prime; _builder_version=\u00a0\u00bb4.11.4&Prime; _module_preset=\u00a0\u00bbdefault\u00a0\u00bb global_colors_info=\u00a0\u00bb{}\u00a0\u00bb][et_pb_column type=\u00a0\u00bb1_2&Prime; _builder_version=\u00a0\u00bb4.11.4&Prime; _module_preset=\u00a0\u00bbdefault\u00a0\u00bb global_colors_info=\u00a0\u00bb{}\u00a0\u00bb][et_pb_image src=\u00a0\u00bbhttps:\/\/cocreations.ca\/wp-content\/uploads\/2021\/10\/Louise-Lalande-Pecha-Kucha-Presentation-17wb.jpg\u00a0\u00bb title_text=\u00a0\u00bbLouise Lalande Pr\u00e9sentation Pecha Kucha 17wb\u00a0\u00bb _builder_version=\u00a0\u00bb4.11.4&Prime; _module_preset=\u00a0\u00bbdefault\u00a0\u00bb global_colors_info=\u00a0\u00bb{}\u00a0\u00bb][\/et_pb_image][\/et_pb_column][et_pb_column type=\u00a0\u00bb1_2&Prime; _builder_version=\u00a0\u00bb4.11.4&Prime; _module_preset=\u00a0\u00bbdefault\u00a0\u00bb global_colors_info=\u00a0\u00bb{}\u00a0\u00bb][et_pb_text _builder_version=\u00a0\u00bb4.11.4&Prime; _module_preset=\u00a0\u00bbdefault\u00a0\u00bb global_colors_info=\u00a0\u00bb{}\u00a0\u00bb]<\/p>\n<p class=\"p1\">L&rsquo;ann\u00e9e derni\u00e8re, j&rsquo;ai eu la merveilleuse occasion d&rsquo;enseigner et de coordonner plus de 20 animateurs au SpiritArt Studio.<\/p>\n<p class=\"p1\">Je prends \u00e9galement une part active dans deux organisations : Le R\u00e9seau Arts et Sant\u00e9 et l&rsquo;Association pour la spiritualit\u00e9 et la sant\u00e9 mentale, au Royal Ottawa.<\/p>\n<p>[\/et_pb_text][\/et_pb_column][\/et_pb_row][et_pb_row column_structure=\u00a0\u00bb1_2,1_2&Prime; _builder_version=\u00a0\u00bb4.11.4&Prime; _module_preset=\u00a0\u00bbdefault\u00a0\u00bb global_colors_info=\u00a0\u00bb{}\u00a0\u00bb][et_pb_column type=\u00a0\u00bb1_2&Prime; _builder_version=\u00a0\u00bb4.11.4&Prime; _module_preset=\u00a0\u00bbdefault\u00a0\u00bb global_colors_info=\u00a0\u00bb{}\u00a0\u00bb][et_pb_text _builder_version=\u00a0\u00bb4.11.4&Prime; _module_preset=\u00a0\u00bbdefault\u00a0\u00bb global_colors_info=\u00a0\u00bb{}\u00a0\u00bb]<\/p>\n<p class=\"p1\">J&rsquo;en suis arriv\u00e9 \u00e0 la conclusion que nous devons int\u00e9grer le corps\/mental\/esprit afin d&rsquo;apporter la paix et l&rsquo;harmonie que nous recherchons individuellement et collectivement. <\/p>\n<p class=\"p1\">Cette fa\u00e7on de faire est la plus harmonieuse, efficace, fructueuse et durable que je connaisse pour cr\u00e9er.<\/p>\n<p>[\/et_pb_text][\/et_pb_column][et_pb_column type=\u00a0\u00bb1_2&Prime; _builder_version=\u00a0\u00bb4.11.4&Prime; _module_preset=\u00a0\u00bbdefault\u00a0\u00bb global_colors_info=\u00a0\u00bb{}\u00a0\u00bb][et_pb_image src=\u00a0\u00bbhttps:\/\/cocreations.ca\/wp-content\/uploads\/2021\/10\/Louise-Lalande-Pecha-Kucha-Presentation-18wb.jpg\u00a0\u00bb title_text=\u00a0\u00bbLouise Lalande Pr\u00e9sentation Pecha Kucha 18wb\u00a0\u00bb _builder_version=\u00a0\u00bb4.11.4&Prime; _module_preset=\u00a0\u00bbdefault\u00a0\u00bb global_colors_info=\u00a0\u00bb{}\u00a0\u00bb][\/et_pb_image][\/et_pb_column][\/et_pb_row][et_pb_row column_structure=\u00a0\u00bb1_2,1_2&Prime; _builder_version=\u00a0\u00bb4.11.4&Prime; _module_preset=\u00a0\u00bbdefault\u00a0\u00bb global_colors_info=\u00a0\u00bb{}\u00a0\u00bb][et_pb_column type=\u00a0\u00bb1_2&Prime; _builder_version=\u00a0\u00bb4.11.4&Prime; _module_preset=\u00a0\u00bbdefault\u00a0\u00bb global_colors_info=\u00a0\u00bb{}\u00a0\u00bb][et_pb_image src=\u00a0\u00bbhttps:\/\/cocreations.ca\/wp-content\/uploads\/2021\/10\/Louise-Lalande-Pecha-Kucha-Presentation-19wb.jpg\u00a0\u00bb title_text=\u00a0\u00bbLouise Lalande Pr\u00e9sentation Pecha Kucha 19wb\u00a0\u00bb _builder_version=\u00a0\u00bb4.11.4&Prime; _module_preset=\u00a0\u00bbdefault\u00a0\u00bb global_colors_info=\u00a0\u00bb{}\u00a0\u00bb][\/et_pb_image][\/et_pb_column][et_pb_column type=\u00a0\u00bb1_2&Prime; _builder_version=\u00a0\u00bb4.11.4&Prime; _module_preset=\u00a0\u00bbdefault\u00a0\u00bb global_colors_info=\u00a0\u00bb{}\u00a0\u00bb][et_pb_text _builder_version=\u00a0\u00bb4.11.4&Prime; _module_preset=\u00a0\u00bbdefault\u00a0\u00bb global_colors_info=\u00a0\u00bb{}\u00a0\u00bb]<\/p>\n<p class=\"p1\">Maintenant, certains pourraient penser que c&rsquo;est de la fantaisie !<span class=\"Apple-converted-space\">  <\/span>Joseph Jaworski en est la preuve : il travaille avec des multinationales sur ces concepts holistiques (oui, l&rsquo;esprit, qu&rsquo;il appelle Source, y est inclus !)<\/p>\n<p class=\"p1\">V\u00e9ritablement co-cr\u00e9ateur, il a fond\u00e9 des forums de leadership nationaux et mondiaux <span class=\"Apple-converted-space\">:<\/span> Ces projets pr\u00e9sentent des avantages tangibles, financiers et \u00e9motionnels pour le bien commun.<\/p>\n<p>&nbsp;<\/p>\n<p>[\/et_pb_text][\/et_pb_column][\/et_pb_row][et_pb_row column_structure=\u00a0\u00bb1_2,1_2&Prime; _builder_version=\u00a0\u00bb4.11.4&Prime; _module_preset=\u00a0\u00bbdefault\u00a0\u00bb global_colors_info=\u00a0\u00bb{}\u00a0\u00bb][et_pb_column type=\u00a0\u00bb1_2&Prime; _builder_version=\u00a0\u00bb4.11.4&Prime; _module_preset=\u00a0\u00bbdefault\u00a0\u00bb global_colors_info=\u00a0\u00bb{}\u00a0\u00bb][et_pb_text _builder_version=\u00a0\u00bb4.11.4&Prime; _module_preset=\u00a0\u00bbdefault\u00a0\u00bb global_colors_info=\u00a0\u00bb{}\u00a0\u00bb]<\/p>\n<p class=\"p1\">Inspir\u00e9 par ces leaders de classe mondiale, j&rsquo;esp\u00e8re continuer \u00e0 co-cr\u00e9er de multiples fa\u00e7ons, avec de grands collaborateurs, sur des projets significatifs.<span class=\"Apple-converted-space\">  <\/span><\/p>\n<p class=\"p1\">J&rsquo;adore \u00eatre une cr\u00e9atrice avec un C majuscule et je crois au pouvoir de la transformation des espaces \u00e0 partir de l&rsquo;int\u00e9rieur.<\/p>\n<p class=\"p2\">Merci \u00e0 tous.<\/p>\n<p>[\/et_pb_text][\/et_pb_column][et_pb_column type=\u00a0\u00bb1_2&Prime; _builder_version=\u00a0\u00bb4.11.4&Prime; _module_preset=\u00a0\u00bbdefault\u00a0\u00bb global_colors_info=\u00a0\u00bb{}\u00a0\u00bb][et_pb_image src=\u00a0\u00bbhttps:\/\/cocreations.ca\/wp-content\/uploads\/2021\/10\/Louise-Lalande-Pecha-Kucha-Presentation-20wb.jpg\u00a0\u00bb title_text=\u00a0\u00bbLouise Lalande Pr\u00e9sentation Pecha Kucha 20wb\u00a0\u00bb _builder_version=\u00a0\u00bb4.11.4&Prime; _module_preset=\u00a0\u00bbdefault\u00a0\u00bb global_colors_info=\u00a0\u00bb{}\u00a0\u00bb][\/et_pb_image][\/et_pb_column][\/et_pb_row][\/et_pb_section][et_pb_section fb_built=\u00a0\u00bb1&Prime; _builder_version=\u00a0\u00bb4.11.4&Prime; _module_preset=\u00a0\u00bbdefault\u00a0\u00bb global_colors_info=\u00a0\u00bb{}\u00a0\u00bb][et_pb_row _builder_version=\u00a0\u00bb4.11.4&Prime; _module_preset=\u00a0\u00bbdefault\u00a0\u00bb global_colors_info=\u00a0\u00bb{}\u00a0\u00bb][et_pb_column type=\u00a0\u00bb4_4&Prime; _builder_version=\u00a0\u00bb4.11.4&Prime; _module_preset=\u00a0\u00bbdefault\u00a0\u00bb global_colors_info=\u00a0\u00bb{}\u00a0\u00bb][dvmd_simple_heading content_heading=\u00a0\u00bbManifesto for Pecha Kucha Ottawa\u00a0\u00bb content_subheading=\u00a0\u00bbTheme:  %22Creative City-Making%22&Prime; _builder_version=\u00a0\u00bb4.11.4&Prime; _module_preset=\u00a0\u00bbdefault\u00a0\u00bb global_colors_info=\u00a0\u00bb{}\u00a0\u00bb][\/dvmd_simple_heading][et_pb_text _builder_version=\u00a0\u00bb4.11.4&Prime; _module_preset=\u00a0\u00bbdefault\u00a0\u00bb global_colors_info=\u00a0\u00bb{}\u00a0\u00bb]<\/p>\n<p class=\"p1\">\u00c0 la veille de la relance de la s\u00e9rie mondiale des Pecha Kucha \u00e0 Ottawa le 27 mars 2012, nous sommes enthousiasm\u00e9s par ce que ces \u00e9v\u00e9nements repr\u00e9sentent pour l&rsquo;\u00e9panouissement cr\u00e9atif de notre ville. Le concept de \u00ab\u00a0ville cr\u00e9ative\u00a0\u00bb est particuli\u00e8rement en vogue ces jours-ci, car les villes du monde entier cherchent \u00e0 se r\u00e9inventer en r\u00e9ponse \u00e0 des forces \u00e9conomiques, sociales et environnementales incessantes. <\/p>\n<p class=\"p1\">Lorsque nous parlons de la construction d&rsquo;une ville, c&rsquo;est souvent dans le langage des urbanistes, des promoteurs et des nombreux organismes institutionnels qui r\u00e9gissent la conception et la construction de l&rsquo;environnement b\u00e2ti. Nous devons abandonner l&rsquo;ancienne conception de la \u00ab\u00a0construction de la ville\u00a0\u00bb, bas\u00e9e sur l&rsquo;am\u00e9nagement du territoire et l&rsquo;ing\u00e9nierie urbaine (planification descendante et centralis\u00e9e), au profit d&rsquo;une conception cr\u00e9ative de la \u00ab\u00a0fabrication de la ville\u00a0\u00bb, qui se distingue par sa nature m\u00eame, organique et \u00e9tonnamment auto-organis\u00e9e. <\/p>\n<p class=\"p1\">Le Pecha Kucha est une nouvelle fa\u00e7on de voir la sp\u00e9cificit\u00e9 de notre ville. Nous consid\u00e9rons que la cr\u00e9ativit\u00e9 (du moins en termes de \u00ab\u00a0fabrication de la ville\u00a0\u00bb) est largement investie. En d&rsquo;autres termes, elle ne se limite pas aux professions habituellement associ\u00e9es \u00e0 la \u00ab\u00a0cr\u00e9ativit\u00e9\u00a0\u00bb. Les cr\u00e9atifs passionn\u00e9s sont pr\u00e9sents dans toutes les vocations et pour qu&rsquo;une ville tire pleinement parti de son potentiel cr\u00e9atif, il est essentiel que nous adoptions cette vision plus large et plus inclusive.   <\/p>\n<p class=\"p1\">Ainsi, notre espoir pour Pecha Kucha Ottawa est que nous fournissions une plateforme pour :<\/p>\n<p class=\"p2\"><b>&#8211; mettre en lumi\u00e8re le travail et les id\u00e9es de nos cr\u00e9atifs et innovateurs urbains ; et<br \/>&#8211; amplifier leurs id\u00e9es en mettant en relation des personnes avec des id\u00e9es, des id\u00e9es avec des personnes.<\/b><\/p>\n<p class=\"p3\">Nous esp\u00e9rons que vous vous joindrez \u00e0 nous dans ce voyage et que vous trouverez l&rsquo;inspiration pour faire partie de la communaut\u00e9 cr\u00e9ative d&rsquo;Ottawa.<\/p>\n<p class=\"p4\">\n<p class=\"p3\">Malheureusement, le Pecha Kucha n&rsquo;existe plus \u00e0 Ottawa. Si c&rsquo;est quelque chose que vous souhaitez entreprendre, n&rsquo;h\u00e9sitez pas \u00e0 me contacter ; je peux vous mettre en contact avec <span class=\"Apple-converted-space\">  <\/span>le fondateur de Pecha Kucha Ottawa, Luc Lalande.<\/p>\n<p class=\"p3\">Pour en savoir plus sur le Pecha Kucha dans le monde, visitez le site <a href=\"https:\/\/www.pechakucha.com\/\" rel=\"nofollow noopener\" target=\"_blank\">https:\/\/www.pechakucha.com<\/a>.<\/p>\n<p class=\"p3\">\n<p>[\/et_pb_text][\/et_pb_column][\/et_pb_row][\/et_pb_section]<\/p>\n","protected":false},"excerpt":{"rendered":"<p>Pecha Kucha signifie \u00ab\u00a0causer, ou bavarder\u00a0\u00bb en japonais. Il s&rsquo;agit d&rsquo;un format de pr\u00e9sentation de narration cr\u00e9ative dans lequel 20 images choisies sont montr\u00e9es pendant 20 secondes chacune. En d&rsquo;autres termes, vous disposez d&rsquo;un peu moins de 7 minutes pour raconter votre histoire, avec des visuels pour vous guider. Cet exutoire cr\u00e9atif est n\u00e9 de [&hellip;]<\/p>\n","protected":false},"author":1,"featured_media":3401,"comment_status":"open","ping_status":"open","sticky":false,"template":"","format":"standard","meta":{"_et_pb_use_builder":"on","_et_pb_old_content":"","_et_gb_content_width":"","footnotes":""},"categories":[166,178,196,187,197,167],"tags":[],"post_folder":[],"class_list":["post-3591","post","type-post","status-publish","format-standard","has-post-thumbnail","hentry","category-a-propos-de-louise","category-creativite","category-design-fr","category-geometrie-sacree","category-presentations-fr","category-processus-creatif"],"_links":{"self":[{"href":"https:\/\/cocreations.ca\/fr\/wp-json\/wp\/v2\/posts\/3591","targetHints":{"allow":["GET"]}}],"collection":[{"href":"https:\/\/cocreations.ca\/fr\/wp-json\/wp\/v2\/posts"}],"about":[{"href":"https:\/\/cocreations.ca\/fr\/wp-json\/wp\/v2\/types\/post"}],"author":[{"embeddable":true,"href":"https:\/\/cocreations.ca\/fr\/wp-json\/wp\/v2\/users\/1"}],"replies":[{"embeddable":true,"href":"https:\/\/cocreations.ca\/fr\/wp-json\/wp\/v2\/comments?post=3591"}],"version-history":[{"count":5,"href":"https:\/\/cocreations.ca\/fr\/wp-json\/wp\/v2\/posts\/3591\/revisions"}],"predecessor-version":[{"id":3602,"href":"https:\/\/cocreations.ca\/fr\/wp-json\/wp\/v2\/posts\/3591\/revisions\/3602"}],"wp:featuredmedia":[{"embeddable":true,"href":"https:\/\/cocreations.ca\/fr\/wp-json\/wp\/v2\/media\/3401"}],"wp:attachment":[{"href":"https:\/\/cocreations.ca\/fr\/wp-json\/wp\/v2\/media?parent=3591"}],"wp:term":[{"taxonomy":"category","embeddable":true,"href":"https:\/\/cocreations.ca\/fr\/wp-json\/wp\/v2\/categories?post=3591"},{"taxonomy":"post_tag","embeddable":true,"href":"https:\/\/cocreations.ca\/fr\/wp-json\/wp\/v2\/tags?post=3591"},{"taxonomy":"post_folder","embeddable":true,"href":"https:\/\/cocreations.ca\/fr\/wp-json\/wp\/v2\/post_folder?post=3591"}],"curies":[{"name":"wp","href":"https:\/\/api.w.org\/{rel}","templated":true}]}}