{"id":3569,"date":"2021-10-26T18:44:52","date_gmt":"2021-10-26T18:44:52","guid":{"rendered":"https:\/\/cocreations.ca\/2021\/10\/26\/lart-comme-travail-energetique\/"},"modified":"2022-09-15T19:41:00","modified_gmt":"2022-09-15T19:41:00","slug":"lart-comme-travail-energetique","status":"publish","type":"post","link":"https:\/\/cocreations.ca\/fr\/2021\/10\/26\/lart-comme-travail-energetique\/","title":{"rendered":"L&rsquo;art comme travail \u00e9nerg\u00e9tique"},"content":{"rendered":"<p>[et_pb_section fb_built=\u00a0\u00bb1&Prime; _builder_version=\u00a0\u00bb4.16&Prime; _module_preset=\u00a0\u00bbdefault\u00a0\u00bb global_colors_info=\u00a0\u00bb{}\u00a0\u00bb][et_pb_row _builder_version=\u00a0\u00bb4.16&Prime; _module_preset=\u00a0\u00bbdefault\u00a0\u00bb global_colors_info=\u00a0\u00bb{}\u00a0\u00bb][et_pb_column type=\u00a0\u00bb4_4&Prime; _builder_version=\u00a0\u00bb4.16&Prime; _module_preset=\u00a0\u00bbdefault\u00a0\u00bb global_colors_info=\u00a0\u00bb{}\u00a0\u00bb][et_pb_text _builder_version=\u00a0\u00bb4.16&Prime; _module_preset=\u00a0\u00bbdefault\u00a0\u00bb global_colors_info=\u00a0\u00bb{}\u00a0\u00bb]<\/p>\n<p class=\"p1\">Nous avons tous quelque chose en commun, l&rsquo;\u00e9nergie qui nous traverse, individuellement comme universellement. Cette \u00e9nergie est presque indescriptible car elle n&rsquo;est pas aussi claire pour nos sens, mais elle est r\u00e9elle. L&rsquo;\u00e9nergie est aussi difficile \u00e0 expliquer que de tenter de d\u00e9crire la couleur \u00e0 un aveugle. En fait, la couleur est assez difficile \u00e0 d\u00e9crire \u00e0 quiconque, car elle n&rsquo;existe QUE par nous.    <\/p>\n<p class=\"p1\">Comme l&rsquo;explique l&rsquo;Illuminating Engineering Society, la vision des couleurs est une illusion cr\u00e9\u00e9e par l&rsquo;interaction de milliards de neurones dans notre cerveau. La couleur n&rsquo;existe pas dans le monde ext\u00e9rieur ; elle est cr\u00e9\u00e9e par des programmes neuronaux et projet\u00e9e sur le monde ext\u00e9rieur que nous voyons. La couleur est cr\u00e9\u00e9e en utilisant deux propri\u00e9t\u00e9s de la lumi\u00e8re : l&rsquo;\u00e9nergie et la fr\u00e9quence de vibration ou longueur d&rsquo;onde.  <\/p>\n<p class=\"p1\">L&rsquo;\u00e9nergie est comme la lumi\u00e8re ; toutes deux invisibles en soi, elles nous touchent dans tous les aspects de notre vie &#8211; \u00e0 l&rsquo;int\u00e9rieur, \u00e0 l&rsquo;ext\u00e9rieur, \u00e0 la maison, au travail, de jour comme de nuit. Il est impossible d&rsquo;imaginer ce que serait notre vie sans ces concepts invisibles, et puissant de savoir comment travailler avec eux. <\/p>\n<p class=\"p1\">L&rsquo;\u00e9nergie ou la force vitale a une intelligence. L&rsquo;\u00e9nergie qui nous a cr\u00e9\u00e9s dans le ventre de notre m\u00e8re est la m\u00eame qui fait pousser les fleurs et les arbres. Il a une connaissance inh\u00e9rente de ce qui est n\u00e9cessaire pour nous soutenir. Comment sait-elle faire pousser nos cheveux, assurer notre digestion, maintenir notre temp\u00e9rature corporelle \u00e0 quelques degr\u00e9s pr\u00e8s, repousser les microbes ? En bref, qu&rsquo;est-ce qui fait battre notre c\u0153ur ?    <\/p>\n<p class=\"p2\">L&rsquo;\u00e9nergie est neutre &#8211; ni bonne ni mauvaise. Nous lui attribuons des qualit\u00e9s, mais elles sont uniquement bas\u00e9es sur notre exp\u00e9rience, les histoires auxquelles nous avons adh\u00e9r\u00e9 et notre perception. <span class=\"Apple-converted-space\">  <\/span>Ces histoires affectent nos croyances, nos habitudes, notre vie. Beaucoup d&rsquo;entre elles sont subconscientes et d\u00e9clenchent des comportements et des r\u00e9actions automatiques. Nous consid\u00e9rons que beaucoup de choses vont de soi &#8211; ce qui est naturel car il n&rsquo;est pas n\u00e9cessaire de tout r\u00e9inventer &#8211; mais il est important de se demander quelles sont nos croyances fondamentales si nous voulons avoir plus d&rsquo;influence et de contr\u00f4le sur notre exp\u00e9rience de vie.  <\/p>\n<p>[\/et_pb_text][\/et_pb_column][\/et_pb_row][et_pb_row _builder_version=\u00a0\u00bb4.16&Prime; _module_preset=\u00a0\u00bbdefault\u00a0\u00bb global_colors_info=\u00a0\u00bb{}\u00a0\u00bb][et_pb_column type=\u00a0\u00bb4_4&Prime; _builder_version=\u00a0\u00bb4.16&Prime; _module_preset=\u00a0\u00bbdefault\u00a0\u00bb global_colors_info=\u00a0\u00bb{}\u00a0\u00bb][et_pb_image src=\u00a0\u00bbhttps:\/\/cocreations.ca\/wp-content\/uploads\/2021\/10\/\u00a9Louise_Lalande_2012_pv_Mandala15-wb.jpg\u00a0\u00bb title_text=\u00a0\u00bb\u00a9Louise_Lalande_2012_pv_Mandala15 wb\u00a0\u00bb align=\u00a0\u00bbcenter\u00a0\u00bb _builder_version=\u00a0\u00bb4.16&Prime; _module_preset=\u00a0\u00bbdefault\u00a0\u00bb global_colors_info=\u00a0\u00bb{}\u00a0\u00bb][\/et_pb_image][\/et_pb_column][\/et_pb_row][et_pb_row _builder_version=\u00a0\u00bb4.16&Prime; _module_preset=\u00a0\u00bbdefault\u00a0\u00bb global_colors_info=\u00a0\u00bb{}\u00a0\u00bb][et_pb_column type=\u00a0\u00bb4_4&Prime; _builder_version=\u00a0\u00bb4.16&Prime; _module_preset=\u00a0\u00bbdefault\u00a0\u00bb global_colors_info=\u00a0\u00bb{}\u00a0\u00bb][et_pb_text _builder_version=\u00a0\u00bb4.18.0&Prime; _module_preset=\u00a0\u00bbdefault\u00a0\u00bb custom_padding=\u00a0\u00bb||0px|||\u00a0\u00bb hover_enabled=\u00a0\u00bb0&Prime; locked=\u00a0\u00bboff\u00a0\u00bb global_colors_info=\u00a0\u00bb{}\u00a0\u00bb sticky_enabled=\u00a0\u00bb0&Prime;]<\/p>\n<div class=\"row sqs-row\" id=\"yui_3_17_2_1_1621304630134_306\">\n<div class=\"col sqs-col-12 span-12\" id=\"yui_3_17_2_1_1621304630134_305\">\n<div class=\"sqs-block html-block sqs-block-html\" data-block-type=\"2\" id=\"block-dd0378464c345a0178f8\">\n<div class=\"sqs-block-content\" id=\"yui_3_17_2_1_1621304630134_481\">\n<p class=\"p1\">Cette source d&rsquo;\u00e9nergie ultime est myst\u00e9rieuse, mais r\u00e9elle et palpable. Nous pouvons nous y engager \u00e0 travers ce que j&rsquo;appelle l&rsquo;esprit du corps (l&rsquo;intelligence de notre corps). Lorsque nous communiquons avec l&rsquo;esprit du corps, d&rsquo;\u00e9normes changements peuvent se produire. Nous prenons conscience des sensations qui nous habitent et nous imaginons le meilleur pour nos cellules, qui s&rsquo;y conforment au mieux, naturellement.   <\/p>\n<p class=\"p1\">Les E-motions, comme j&rsquo;aime les appeler, sont de l&rsquo;\u00e9nergie en mouvement. Ils ne sont pas non plus bonnes ou mauvaises, mais une fa\u00e7on pour l&rsquo;esprit du corps d&rsquo;exprimer ses besoins. Nos \u00e9motions changent et se transforment toujours et, si nous avons la volont\u00e9 bienveillante et curieuse de travailler sur les \u00e9motions les plus difficiles, nous pouvons gu\u00e9rir ce qui nous fait souffrir. L&rsquo;art est un conduit parfait et naturel. Je suis infiniment reconnaissante pour \u00e7a.    <\/p>\n<p class=\"p1\">L&rsquo;art, par la prise de conscience de ses pens\u00e9es au cours de sa r\u00e9alisation, met en lumi\u00e8re ce que nous avons le plus besoin de voir. <span style=\"font-size: 17px;\">La cr\u00e9ation artistique utilise \u00e0 la fois la lumi\u00e8re et l&rsquo;\u00e9nergie. Lorsque nous appliquons une couleur sur une surface, elle affecte notre lumi\u00e8re int\u00e9rieure et nos \u00e9motions. Cela nous permet d&rsquo;entendre notre intuition et de nous connecter \u00e0 diff\u00e9rentes parties de nous-m\u00eames.  <\/span><\/p>\n<p class=\"p1\">La cr\u00e9ation artistique en pleine conscience ne rend pas notre vie parfaite ou ne fait pas dispara\u00eetre toute n\u00e9gativit\u00e9 ; ce n&rsquo;est pas le but. Cependant, des s\u00e9ances de cr\u00e9ation artistique relaxantes peuvent nous d\u00e9stabiliser, nous permettre de mieux comprendre et d&rsquo;am\u00e9liorer notre fa\u00e7on de g\u00e9rer les situations, ce qui nous rend plus paisibles. <\/p>\n<p class=\"p1\">Les pens\u00e9es sont de l&rsquo;\u00e9nergie, l&rsquo;\u00e9nergie est de la mati\u00e8re, et donc les pens\u00e9es cr\u00e9ent nos r\u00e9alit\u00e9s. Nous sommes tous reli\u00e9s entre nous par l&rsquo;\u00e9nergie (force vitale) et, en tant que tel, nous nous influen\u00e7ons mutuellement et influen\u00e7ons la plan\u00e8te par tout ce que nous pensons et faisons. Nous sommes importants. Notre gentillesse compte. La prise de conscience est essentielle pour influencer nos vies.    <\/p>\n<p class=\"p1\">J&rsquo;ai essay\u00e9 et test\u00e9 de nombreuses modalit\u00e9s de gu\u00e9rison et je trouve que l&rsquo;expression de soi \u00e0 travers l&rsquo;art intentionnel est de loin l&rsquo;outil le plus puissant, mais aussi le plus doux, pour la d\u00e9couverte de soi et la pl\u00e9nitude.<\/p>\n<p class=\"p1\">L&rsquo;art parle. C&rsquo;est le chemin le plus rapide vers la v\u00e9rit\u00e9. C&rsquo;est avec beaucoup d&rsquo;humilit\u00e9 et d&rsquo;enthousiasme que j&rsquo;ai vu les personnes que j&rsquo;ai accompagn\u00e9es conna\u00eetre des changements positifs en faisant de la place \u00e0 l&rsquo;art dans leur vie. Je serais ravie de vous aider \u00e0 \u00e9tablir des habitudes cr\u00e9atives qui vous soutiennent dans votre d\u00e9marche.   <\/p>\n<p class=\"p2\">Premi\u00e8re publication dans le magazine Tone, mars 2018<\/p>\n<\/div>\n<\/div>\n<\/div>\n<\/div>\n<div class=\"sqs-block html-block sqs-block-html\" data-block-type=\"2\" id=\"block-yui_3_17_2_1_1618947564086_8052\">\n<div class=\"sqs-block-content\">\n<p class=\"\">\n<\/div>\n<\/div>\n<p>[\/et_pb_text][\/et_pb_column][\/et_pb_row][\/et_pb_section]<\/p>\n","protected":false},"excerpt":{"rendered":"<p>Nous avons tous quelque chose en commun, l&rsquo;\u00e9nergie qui nous traverse, individuellement comme universellement. Cette \u00e9nergie est presque indescriptible car elle n&rsquo;est pas aussi claire pour nos sens, mais elle est r\u00e9elle. L&rsquo;\u00e9nergie est aussi difficile \u00e0 expliquer que de tenter de d\u00e9crire la couleur \u00e0 un aveugle. En fait, la couleur est assez difficile [&hellip;]<\/p>\n","protected":false},"author":1,"featured_media":3416,"comment_status":"open","ping_status":"open","sticky":false,"template":"","format":"standard","meta":{"_et_pb_use_builder":"on","_et_pb_old_content":"","_et_gb_content_width":"","footnotes":""},"categories":[166,180,184,188,179,181],"tags":[],"post_folder":[],"class_list":["post-3569","post","type-post","status-publish","format-standard","has-post-thumbnail","hentry","category-a-propos-de-louise","category-art-fr","category-bien-etre","category-gratitude-fr","category-lart-au-service-de-la-sante","category-peinture"],"_links":{"self":[{"href":"https:\/\/cocreations.ca\/fr\/wp-json\/wp\/v2\/posts\/3569","targetHints":{"allow":["GET"]}}],"collection":[{"href":"https:\/\/cocreations.ca\/fr\/wp-json\/wp\/v2\/posts"}],"about":[{"href":"https:\/\/cocreations.ca\/fr\/wp-json\/wp\/v2\/types\/post"}],"author":[{"embeddable":true,"href":"https:\/\/cocreations.ca\/fr\/wp-json\/wp\/v2\/users\/1"}],"replies":[{"embeddable":true,"href":"https:\/\/cocreations.ca\/fr\/wp-json\/wp\/v2\/comments?post=3569"}],"version-history":[{"count":4,"href":"https:\/\/cocreations.ca\/fr\/wp-json\/wp\/v2\/posts\/3569\/revisions"}],"predecessor-version":[{"id":3575,"href":"https:\/\/cocreations.ca\/fr\/wp-json\/wp\/v2\/posts\/3569\/revisions\/3575"}],"wp:featuredmedia":[{"embeddable":true,"href":"https:\/\/cocreations.ca\/fr\/wp-json\/wp\/v2\/media\/3416"}],"wp:attachment":[{"href":"https:\/\/cocreations.ca\/fr\/wp-json\/wp\/v2\/media?parent=3569"}],"wp:term":[{"taxonomy":"category","embeddable":true,"href":"https:\/\/cocreations.ca\/fr\/wp-json\/wp\/v2\/categories?post=3569"},{"taxonomy":"post_tag","embeddable":true,"href":"https:\/\/cocreations.ca\/fr\/wp-json\/wp\/v2\/tags?post=3569"},{"taxonomy":"post_folder","embeddable":true,"href":"https:\/\/cocreations.ca\/fr\/wp-json\/wp\/v2\/post_folder?post=3569"}],"curies":[{"name":"wp","href":"https:\/\/api.w.org\/{rel}","templated":true}]}}