{"id":3555,"date":"2022-04-22T12:00:23","date_gmt":"2022-04-22T12:00:23","guid":{"rendered":"https:\/\/cocreations.ca\/2022\/04\/22\/joyeux-jour-de-la-terre\/"},"modified":"2022-09-15T19:19:15","modified_gmt":"2022-09-15T19:19:15","slug":"joyeux-jour-de-la-terre","status":"publish","type":"post","link":"https:\/\/cocreations.ca\/fr\/2022\/04\/22\/joyeux-jour-de-la-terre\/","title":{"rendered":"C\u00e9l\u00e9brer et se connecter avec la Terre"},"content":{"rendered":"\n[et_pb_section fb_built=\u00a0\u00bb1&Prime; _builder_version=\u00a0\u00bb4.16&Prime; _module_preset=\u00a0\u00bbdefault\u00a0\u00bb custom_padding=\u00a0\u00bb||5px|||\u00a0\u00bb global_colors_info=\u00a0\u00bb{}\u00a0\u00bb][et_pb_row _builder_version=\u00a0\u00bb4.16&Prime; _module_preset=\u00a0\u00bbdefault\u00a0\u00bb custom_padding=\u00a0\u00bb||3px|||\u00a0\u00bb global_colors_info=\u00a0\u00bb{}\u00a0\u00bb][et_pb_column type=\u00a0\u00bb4_4&Prime; _builder_version=\u00a0\u00bb4.16&Prime; _module_preset=\u00a0\u00bbdefault\u00a0\u00bb hover_enabled=\u00a0\u00bb0&Prime; global_colors_info=\u00a0\u00bb{}\u00a0\u00bb sticky_enabled=\u00a0\u00bb0&Prime;][et_pb_text _builder_version=\u00a0\u00bb4.18.0&Prime; _module_preset=\u00a0\u00bbdefault\u00a0\u00bb hover_enabled=\u00a0\u00bb0&Prime; global_colors_info=\u00a0\u00bb{}\u00a0\u00bb sticky_enabled=\u00a0\u00bb0&Prime;]<div class=\"\" data-block=\"true\" data-editor=\"9tpe0\" data-offset-key=\"47np6-0-0\">\n<div data-offset-key=\"47np6-0-0\" class=\"_1mf _1mj\"><span data-offset-key=\"47np6-0-0\">La magnifique \u0153uvre d&rsquo;art ci-dessus est l&rsquo;\u0153uvre d&rsquo;Autumn Skye, un peintre incroyablement talentueux.<\/span><\/div>\n<div data-offset-key=\"47np6-0-0\" class=\"_1mf _1mj\"><span data-offset-key=\"47np6-0-0\"><\/span><\/div>\n<div data-offset-key=\"47np6-0-0\" class=\"_1mf _1mj\"><span data-offset-key=\"47np6-0-0\">Quelle journ\u00e9e parfaite (comme tous les autres jours, en fait) pour co-cr\u00e9er une terre belle et saine.  <\/span><\/div>\n<div data-offset-key=\"47np6-0-0\" class=\"_1mf _1mj\">! Bonne journ\u00e9e de la Terre, ch\u00e8re M\u00e8re-Terre !<\/div>\n<div data-offset-key=\"47np6-0-0\" class=\"_1mf _1mj\"><span style=\"font-size: 17px;\"><\/span><\/div>\n<div data-offset-key=\"47np6-0-0\" class=\"_1mf _1mj\"><span style=\"font-size: 17px;\">L&rsquo;une des fa\u00e7ons de s&rsquo;accorder \u00e0 notre nature est de trouver des espaces calmes o\u00f9 nous pouvons m\u00e9diter, en nous imaginant entour\u00e9s de belles formes g\u00e9om\u00e9triques et d&rsquo;une lumi\u00e8re aimante, puis en faisant de m\u00eame pour la terre. En utilisant la g\u00e9om\u00e9trie sacr\u00e9e et notre imagination, nous pouvons am\u00e9liorer encore notre bien-\u00eatre et celui de la terre. <\/span><\/div>\n<div data-offset-key=\"47np6-0-0\" class=\"_1mf _1mj\"><\/div>\n<div data-offset-key=\"47np6-0-0\" class=\"_1mf _1mj\">La fa\u00e7on dont je vois le monde dans le contexte du cosmos\/univers est ce qui me permet de trouver une certaine paix. Ce n&rsquo;est pas n\u00e9cessairement \u00ab\u00a0vrai\u00a0\u00bb (puisque personne ne conna\u00eet vraiment la construction de notre monde ni qui\/qui est \u00ab\u00a0Dieu\u00a0\u00bb). <\/div>\n<div data-offset-key=\"47np6-0-0\" class=\"_1mf _1mj\"><\/div>\n<div data-offset-key=\"47np6-0-0\" class=\"_1mf _1mj\">En tant que personne sensible et empathique, j&rsquo;ai commenc\u00e9 \u00e0 me demander comment je pourrais naviguer dans le monde de mani\u00e8re plus pacifique il y a une trentaine d&rsquo;ann\u00e9es. \u00c0 partir des nombreuses choses que j&rsquo;ai lues et \u00e9tudi\u00e9es au fil des ans, ainsi que des interventions th\u00e9rapeutiques, je me suis forg\u00e9 une image que je vais m&rsquo;efforcer de d\u00e9crire ici. <\/div>\n<\/div>\n<p class=\"p1\">D&rsquo;apr\u00e8s ma compr\u00e9hension limit\u00e9e de la physique quantique :<\/p>\n<ol class=\"ol1\">\n<li class=\"li1\">Nous (notre corps et tout ce qui nous entoure) sommes principalement constitu\u00e9s d&rsquo;espace puisqu&rsquo;\u00e0 la plus petite \u00e9chelle (bien au-del\u00e0 de ce que nous pouvons voir), il y a une \u00e9norme quantit\u00e9 d&rsquo;espace \u00e0 l&rsquo;int\u00e9rieur de chaque particule et autour de chaque particule.<\/li>\n<li class=\"li1\"> Le comportement de l&rsquo;\u00e9nergie \u00e0 l&rsquo;\u00e9chelle atomique et subatomique affecte l&rsquo;\u00e9nergie \u00e0 d&rsquo;autres endroits (r\u00e9sonance et entra\u00eenement).<\/li>\n<\/ol>\n<p class=\"p1\">Pour moi, cela signifie que notre comportement, nos pens\u00e9es et nos pri\u00e8res ont un effet sur les personnes, les animaux et tous les \u00eatres vivants. Si je suis calme, gentille et aimante, cela a un effet tangible dans le monde &#8211; m\u00eame si je ne sais pas comment ni o\u00f9. <\/p>\n<p class=\"p3\">En ce qui concerne la douleur dans le monde, ce qui m&rsquo;a apport\u00e9 la paix, c&rsquo;est d&rsquo;utiliser mon intention et mon imagination pour envoyer de l&rsquo;amour et de la lumi\u00e8re (en d&rsquo;autres termes, la paix et la gu\u00e9rison) \u00e0 des endroits sp\u00e9cifiques, \u00e0 des personnes et \u00e0 la terre elle-m\u00eame.<\/p>\n<p class=\"p3\">Carl Sagan a dit que \u00ab\u00a0nous sommes tous faits d&rsquo;\u00e9toiles\u00a0\u00bb. Bill Nye dit la m\u00eame chose, et ajoute \u00ab\u00a0Nous sommes donc, au moins, une fa\u00e7on pour l&rsquo;Univers de se conna\u00eetre lui-m\u00eame\u00a0\u00bb. <\/p>\n<p class=\"p3\">Le calcium dans nos os et nos dents.<\/p>\n<p class=\"p3\">De l&rsquo;azote dans notre ADN.<\/p>\n<p class=\"p3\">Le fer dans notre sang.<\/p>\n<p class=\"p3\">Carbone, hydrog\u00e8ne, azote, soufre, potassium&#8230;<\/p>\n<p class=\"p3\">Nous sommes beaucoup de choses, mais je crois profond\u00e9ment que nous sommes de l&rsquo;\u00e9nergie : nous avons un effet direct sur le monde.<\/p>\n<p class=\"p1\">Je reconnais que si ces interpr\u00e9tations peuvent correspondre \u00e0 des \u00e9l\u00e9ments de la physique quantique, elles n&rsquo;ont pas \u00e9t\u00e9 \u00e9tablies par des preuves scientifiques et restent controvers\u00e9es. Ma compr\u00e9hension du fonctionnement de notre monde et de notre univers est minimale et est largement influenc\u00e9e par l&rsquo;ensemble de mes croyances et de ma foi. <\/p>[\/et_pb_text][\/et_pb_column][\/et_pb_row][\/et_pb_section][et_pb_section fb_built=\u00a0\u00bb1&Prime; _builder_version=\u00a0\u00bb4.16&Prime; _module_preset=\u00a0\u00bbdefault\u00a0\u00bb custom_padding=\u00a0\u00bb8px|||||\u00a0\u00bb global_colors_info=\u00a0\u00bb{}\u00a0\u00bb][et_pb_row column_structure=\u00a0\u00bb1_2,1_2&Prime; _builder_version=\u00a0\u00bb4.16&Prime; _module_preset=\u00a0\u00bbdefault\u00a0\u00bb global_colors_info=\u00a0\u00bb{}\u00a0\u00bb][et_pb_column type=\u00a0\u00bb1_2&Prime; _builder_version=\u00a0\u00bb4.16&Prime; _module_preset=\u00a0\u00bbdefault\u00a0\u00bb global_colors_info=\u00a0\u00bb{}\u00a0\u00bb][et_pb_text _builder_version=\u00a0\u00bb4.16&Prime; _module_preset=\u00a0\u00bbdefault\u00a0\u00bb width=\u00a0\u00bb98.6%\u00a0\u00bb global_colors_info=\u00a0\u00bb{}\u00a0\u00bb]<p>L&rsquo;\u0153uvre d&rsquo;art sur ce post est par Autumn Skye. Sur son site web, elle d\u00e9clare que <\/p>\n<p><span style=\"font-size: small;\">\u00ab\u00a0Chaque toile m&#8217;emm\u00e8ne dans un voyage, et comme mon pinceau me suit, je suis \u00e0 chaque fois ramen\u00e9 \u00e0 mon centre.<\/span><br><span style=\"font-size: small;\">Je pense que le r\u00f4le de l&rsquo;artiste est particuli\u00e8rement crucial en ces temps difficiles et passionnants. Alors que le monde est au bord d&rsquo;un changement majeur, les \u0153uvres d&rsquo;art ont le potentiel d&rsquo;\u00eatre des cartes, et ces cartes peuvent aider \u00e0 guider l&rsquo;humanit\u00e9 vers de nouvelles fa\u00e7ons positives de voir et d&rsquo;\u00eatre. Gr\u00e2ce \u00e0 la cr\u00e9ativit\u00e9, nous avons la possibilit\u00e9 de transformer l&rsquo;ombre et la douleur en visions de gu\u00e9rison et de pl\u00e9nitude.  <\/span><br><span style=\"font-size: small;\">Ainsi, j&rsquo;offre mon travail artistique comme un miroir, \u00e0 la fois une r\u00e9flexion personnelle intime et une grande r\u00e9v\u00e9lation arch\u00e9typique. Dans ces visions, que chaque spectateur reconnaisse son propre c\u0153ur sacr\u00e9 et sa divinit\u00e9 cosmique. Et, \u00e0 travers cette reconnaissance, puissions-nous nous souvenir de la gr\u00e2ce inn\u00e9e qui r\u00e9side en nous.\u00a0\u00bb  <\/span><\/p>\n<p>&nbsp;<\/p>[\/et_pb_text][\/et_pb_column][et_pb_column type=\u00a0\u00bb1_2&Prime; _builder_version=\u00a0\u00bb4.16&Prime; _module_preset=\u00a0\u00bbdefault\u00a0\u00bb global_colors_info=\u00a0\u00bb{}\u00a0\u00bb][et_pb_image src=\u00a0\u00bbhttps:\/\/cocreations.ca\/wp-content\/uploads\/2022\/04\/Regeneration-2013-by-Autumn-Skye.jpg\u00a0\u00bb title_text=\u00a0\u00bbR\u00e9g\u00e9n\u00e9ration 2013 par Autumn Skye\u00a0\u00bb _builder_version=\u00a0\u00bb4.16&Prime; _module_preset=\u00a0\u00bbdefault\u00a0\u00bb global_colors_info=\u00a0\u00bb{}\u00a0\u00bb][\/et_pb_image][\/et_pb_column][\/et_pb_row][et_pb_row _builder_version=\u00a0\u00bb4.16&Prime; _module_preset=\u00a0\u00bbdefault\u00a0\u00bb global_colors_info=\u00a0\u00bb{}\u00a0\u00bb][et_pb_column type=\u00a0\u00bb4_4&Prime; _builder_version=\u00a0\u00bb4.16&Prime; _module_preset=\u00a0\u00bbdefault\u00a0\u00bb global_colors_info=\u00a0\u00bb{}\u00a0\u00bb][et_pb_image src=\u00a0\u00bbhttps:\/\/cocreations.ca\/wp-content\/uploads\/2022\/04\/Healing-by-Autumn-Skye-ART.jpg\u00a0\u00bb title_text=\u00a0\u00bbGu\u00e9rison par Autumn Skye ART\u00a0\u00bb _builder_version=\u00a0\u00bb4.16&Prime; _module_preset=\u00a0\u00bbdefault\u00a0\u00bb global_colors_info=\u00a0\u00bb{}\u00a0\u00bb][\/et_pb_image][\/et_pb_column][\/et_pb_row][\/et_pb_section][et_pb_section fb_built=\u00a0\u00bb1&Prime; _builder_version=\u00a0\u00bb4.16&Prime; _module_preset=\u00a0\u00bbdefault\u00a0\u00bb global_colors_info=\u00a0\u00bb{}\u00a0\u00bb][\/et_pb_section]\n","protected":false},"excerpt":{"rendered":"<p>La magnifique \u0153uvre d&rsquo;art ci-dessus est l&rsquo;\u0153uvre d&rsquo;Autumn Skye, un peintre incroyablement talentueux. Quelle journ\u00e9e parfaite (comme tous les autres jours, en fait) pour co-cr\u00e9er une terre belle et saine. ! Bonne journ\u00e9e de la Terre, ch\u00e8re M\u00e8re-Terre ! L&rsquo;une des fa\u00e7ons de s&rsquo;accorder \u00e0 notre nature est de trouver des espaces calmes o\u00f9 nous [&hellip;]<\/p>\n","protected":false},"author":1,"featured_media":3429,"comment_status":"open","ping_status":"open","sticky":false,"template":"","format":"standard","meta":{"_et_pb_use_builder":"on","_et_pb_old_content":"","_et_gb_content_width":"","footnotes":""},"categories":[184,187,188,182],"tags":[191,190,189],"post_folder":[],"class_list":["post-3555","post","type-post","status-publish","format-standard","has-post-thumbnail","hentry","category-bien-etre","category-geometrie-sacree","category-gratitude-fr","category-reiki-fr","tag-imagination-fr","tag-sante","tag-terre"],"_links":{"self":[{"href":"https:\/\/cocreations.ca\/fr\/wp-json\/wp\/v2\/posts\/3555","targetHints":{"allow":["GET"]}}],"collection":[{"href":"https:\/\/cocreations.ca\/fr\/wp-json\/wp\/v2\/posts"}],"about":[{"href":"https:\/\/cocreations.ca\/fr\/wp-json\/wp\/v2\/types\/post"}],"author":[{"embeddable":true,"href":"https:\/\/cocreations.ca\/fr\/wp-json\/wp\/v2\/users\/1"}],"replies":[{"embeddable":true,"href":"https:\/\/cocreations.ca\/fr\/wp-json\/wp\/v2\/comments?post=3555"}],"version-history":[{"count":4,"href":"https:\/\/cocreations.ca\/fr\/wp-json\/wp\/v2\/posts\/3555\/revisions"}],"predecessor-version":[{"id":3565,"href":"https:\/\/cocreations.ca\/fr\/wp-json\/wp\/v2\/posts\/3555\/revisions\/3565"}],"wp:featuredmedia":[{"embeddable":true,"href":"https:\/\/cocreations.ca\/fr\/wp-json\/wp\/v2\/media\/3429"}],"wp:attachment":[{"href":"https:\/\/cocreations.ca\/fr\/wp-json\/wp\/v2\/media?parent=3555"}],"wp:term":[{"taxonomy":"category","embeddable":true,"href":"https:\/\/cocreations.ca\/fr\/wp-json\/wp\/v2\/categories?post=3555"},{"taxonomy":"post_tag","embeddable":true,"href":"https:\/\/cocreations.ca\/fr\/wp-json\/wp\/v2\/tags?post=3555"},{"taxonomy":"post_folder","embeddable":true,"href":"https:\/\/cocreations.ca\/fr\/wp-json\/wp\/v2\/post_folder?post=3555"}],"curies":[{"name":"wp","href":"https:\/\/api.w.org\/{rel}","templated":true}]}}