{"id":3546,"date":"2021-10-26T19:00:45","date_gmt":"2021-10-26T19:00:45","guid":{"rendered":"https:\/\/cocreations.ca\/2021\/10\/26\/lart-comme-medicament\/"},"modified":"2022-09-15T19:22:02","modified_gmt":"2022-09-15T19:22:02","slug":"lart-comme-medicament","status":"publish","type":"post","link":"https:\/\/cocreations.ca\/fr\/2021\/10\/26\/lart-comme-medicament\/","title":{"rendered":"L&rsquo;art comme m\u00e9dicament"},"content":{"rendered":"<p>[et_pb_section fb_built=\u00a0\u00bb1&Prime; _builder_version=\u00a0\u00bb4.11.4&Prime; _module_preset=\u00a0\u00bbdefault\u00a0\u00bb global_colors_info=\u00a0\u00bb{}\u00a0\u00bb custom_padding=\u00a0\u00bb11px||0px|||\u00a0\u00bb][et_pb_row _builder_version=\u00a0\u00bb4.11.4&Prime; _module_preset=\u00a0\u00bbdefault\u00a0\u00bb global_colors_info=\u00a0\u00bb{}\u00a0\u00bb][et_pb_column type=\u00a0\u00bb4_4&Prime; _builder_version=\u00a0\u00bb4.11.4&Prime; _module_preset=\u00a0\u00bbdefault\u00a0\u00bb global_colors_info=\u00a0\u00bb{}\u00a0\u00bb][et_pb_text _builder_version=\u00a0\u00bb4.11.4&Prime; _module_preset=\u00a0\u00bbdefault\u00a0\u00bb global_colors_info=\u00a0\u00bb{}\u00a0\u00bb]<\/p>\n<p class=\"p1\" style=\"text-align: justify;\">Shaun McNiff a cr\u00e9\u00e9 des guides permettant d&#8217;embrasser les hauts et les bas du processus artistique et de les laisser vous accompagner dans votre voyage cr\u00e9atif unique. Il saisit brillamment les id\u00e9es essentielles et d\u00e9crit ce que j&rsquo;ai pu ressentir, sentir et transformer gr\u00e2ce aux arts : <\/p>\n<p>[\/et_pb_text][\/et_pb_column][\/et_pb_row][et_pb_row _builder_version=\u00a0\u00bb4.11.4&Prime; _module_preset=\u00a0\u00bbdefault\u00a0\u00bb column_structure=\u00a0\u00bb1_3,2_3&Prime; custom_padding=\u00a0\u00bb||0px|||\u00a0\u00bb][et_pb_column _builder_version=\u00a0\u00bb4.11.4&Prime; _module_preset=\u00a0\u00bbdefault\u00a0\u00bb type=\u00a0\u00bb1_3&Prime;][et_pb_image src=\u00a0\u00bbhttps:\/\/cocreations.ca\/wp-content\/uploads\/2021\/10\/Trust-the-Process-by-Shaun-McNiff-sm.jpg\u00a0\u00bb _builder_version=\u00a0\u00bb4.11.4&Prime; _module_preset=\u00a0\u00bbdefault\u00a0\u00bb hover_enabled=\u00a0\u00bb0&Prime; sticky_enabled=\u00a0\u00bb0&Prime; title_text=\u00a0\u00bbFaites confiance au processus par Shaun McNiff sm\u00a0\u00bb border_width_all=\u00a0\u00bb1px\u00a0\u00bb][\/et_pb_image][\/et_pb_column][et_pb_column _builder_version=\u00a0\u00bb4.11.4&Prime; _module_preset=\u00a0\u00bbdefault\u00a0\u00bb type=\u00a0\u00bb2_3&Prime;][et_pb_text _builder_version=\u00a0\u00bb4.11.4&Prime; _module_preset=\u00a0\u00bbdefault\u00a0\u00bb global_colors_info=\u00a0\u00bb{}\u00a0\u00bb custom_margin=\u00a0\u00bb|||-3px||\u00a0\u00bb custom_padding=\u00a0\u00bb|||4px||\u00a0\u00bb]<\/p>\n<p class=\"p1\" style=\"text-align: justify;\">\u00ab Que ce soit dans la peinture, la po\u00e9sie, le spectacle, la musique, la danse ou la vie, il y a une intelligence \u00e0 l&rsquo;\u0153uvre dans chaque situation. Cette force est le principal vecteur de la cr\u00e9ation. Si nous lui faisons confiance et suivons son mouvement naturel, elle nous \u00e9tonnera par sa capacit\u00e9 \u00e0 trouver un chemin \u00e0 travers les probl\u00e8mes &#8211; et m\u00eame \u00e0 faire un usage cr\u00e9atif de nos erreurs et de nos \u00e9checs. Il y a une magie dans ce processus qui ne peut \u00eatre contr\u00f4l\u00e9e par l&rsquo;ego. D&rsquo;une mani\u00e8re ou d&rsquo;une autre, il trouve toujours le chemin vers l&rsquo;endroit o\u00f9 vous devez \u00eatre, et une destination que vous n&rsquo;auriez jamais pu conna\u00eetre \u00e0 l&rsquo;avance. Quand tout semble \u00eatre sans espoir et ne mener nulle part. &#8230; faites confiance au processus \u00bb.<\/p>\n<p>[\/et_pb_text][\/et_pb_column][\/et_pb_row][\/et_pb_section][et_pb_section fb_built=\u00a0\u00bb1&Prime; _builder_version=\u00a0\u00bb4.11.4&Prime; _module_preset=\u00a0\u00bbdefault\u00a0\u00bb global_colors_info=\u00a0\u00bb{}\u00a0\u00bb custom_padding=\u00a0\u00bb11px|||||\u00a0\u00bb][et_pb_row _builder_version=\u00a0\u00bb4.11.4&Prime; _module_preset=\u00a0\u00bbdefault\u00a0\u00bb global_colors_info=\u00a0\u00bb{}\u00a0\u00bb custom_padding=\u00a0\u00bb0px|||||\u00a0\u00bb][et_pb_column type=\u00a0\u00bb4_4&Prime; _builder_version=\u00a0\u00bb4.11.4&Prime; _module_preset=\u00a0\u00bbdefault\u00a0\u00bb global_colors_info=\u00a0\u00bb{}\u00a0\u00bb][et_pb_text _builder_version=\u00a0\u00bb4.11.4&Prime; _module_preset=\u00a0\u00bbdefault\u00a0\u00bb global_colors_info=\u00a0\u00bb{}\u00a0\u00bb custom_padding=\u00a0\u00bb0px|||||\u00a0\u00bb]<\/p>\n<p class=\"p1\">\n<p class=\"p1\">\u00ab Essayez de regarder les portes, les portails et autres passages de mani\u00e8re symbolique. Lorsque vous vous promenez dans une rue, r\u00e9fl\u00e9chissez aux diff\u00e9rents types d&rsquo;entr\u00e9es que vous voyez. Que vous disent-ils sur les esprits du lieu et de l&rsquo;\u00e2me ? Quels rites imaginez-vous que les gens vivent lorsqu&rsquo;ils passent par les ouvertures ? Quelles sont les qualit\u00e9s qui relient les passages d&rsquo;une maison \u00e0 ceux de ses voisines ? Quelles sont les caract\u00e9ristiques qui distinguent les maisons les unes des autres \u00bb?     <\/p>\n<p class=\"p1\">\u00ab\u00a0Prenez cette perspective \u00e9trang\u00e8re et appliquez-la \u00e0 votre propre foyer. Imaginez que vous vous y promenez comme un \u00e9tranger qui regarde les choses &lsquo;pour la premi\u00e8re fois&rsquo;. Que ressentez-vous aux diff\u00e9rents points de passage ? Regardez symboliquement votre chemin\u00e9e, votre lit, vos armoires, vos cadres et vos commodes. Quels \u00e9l\u00e9ments donnent \u00e0 l&rsquo;\u00e9tranger une id\u00e9e des personnes qui vivent dans cet espace ? Quelles sont les zones qui transmettent l&rsquo;intimit\u00e9 ? Y a-t-il des lieux de c\u00e9r\u00e9monie dans la maison ? Y a-t-il des chaises qui ressemblent \u00e0 des si\u00e8ges de l&rsquo;\u00e2me ? O\u00f9 l&rsquo;imagination est-elle la plus vive ?\u00a0\u00bb<\/p>\n<p class=\"p2\">&#8211; Faites confiance au processus : Guide de l&rsquo;artiste sur le l\u00e2cher-prise<\/p>\n<p>[\/et_pb_text][\/et_pb_column][\/et_pb_row][et_pb_row _builder_version=\u00a0\u00bb4.11.4&Prime; _module_preset=\u00a0\u00bbdefault\u00a0\u00bb column_structure=\u00a0\u00bb1_3,2_3&Prime; custom_padding=\u00a0\u00bb0px|||||\u00a0\u00bb][et_pb_column _builder_version=\u00a0\u00bb4.11.4&Prime; _module_preset=\u00a0\u00bbdefault\u00a0\u00bb type=\u00a0\u00bb1_3&Prime;][et_pb_image src=\u00a0\u00bbhttps:\/\/cocreations.ca\/wp-content\/uploads\/2021\/10\/Shaun-McNiff-Art-Heals-sm-e1635275793547.jpg\u00a0\u00bb _builder_version=\u00a0\u00bb4.11.4&Prime; _module_preset=\u00a0\u00bbdefault\u00a0\u00bb hover_enabled=\u00a0\u00bb0&Prime; sticky_enabled=\u00a0\u00bb0&Prime; title_text=\u00a0\u00bbShaun McNiff L&rsquo;art soigne sm\u00a0\u00bb border_width_all=\u00a0\u00bb1px\u00a0\u00bb][\/et_pb_image][\/et_pb_column][et_pb_column _builder_version=\u00a0\u00bb4.11.4&Prime; _module_preset=\u00a0\u00bbdefault\u00a0\u00bb type=\u00a0\u00bb2_3&Prime;][et_pb_text _builder_version=\u00a0\u00bb4.11.4&Prime; _module_preset=\u00a0\u00bbdefault\u00a0\u00bb hover_enabled=\u00a0\u00bb0&Prime; sticky_enabled=\u00a0\u00bb0&Prime;]<\/p>\n<p class=\"p1\" style=\"text-align: justify;\">\u00ab L&rsquo;art en tant que discipline spirituelle implique de pr\u00eater attention aux images et de s&rsquo;ouvrir \u00e0 leurs expressions uniques plut\u00f4t que d&rsquo;essayer de r\u00e9gler les probl\u00e8mes que nous pensons qu&rsquo;elles repr\u00e9sentent. L&rsquo;image d\u00e9stabilisante est une alli\u00e9e de l&rsquo;\u00e2me qui m&rsquo;aide \u00e0 recadrer ma fa\u00e7on de voir la vie et de la vivre \u00bb.<\/p>\n<p class=\"p2\">&#8211; L&rsquo;art gu\u00e9rit : Comment la cr\u00e9ativit\u00e9 soigne l&rsquo;\u00e2me<\/p>\n<p>[\/et_pb_text][\/et_pb_column][\/et_pb_row][et_pb_row _builder_version=\u00a0\u00bb4.11.4&Prime; _module_preset=\u00a0\u00bbdefault\u00a0\u00bb column_structure=\u00a0\u00bb1_3,2_3&Prime;][et_pb_column _builder_version=\u00a0\u00bb4.11.4&Prime; _module_preset=\u00a0\u00bbdefault\u00a0\u00bb type=\u00a0\u00bb1_3&Prime;][et_pb_image src=\u00a0\u00bbhttps:\/\/cocreations.ca\/wp-content\/uploads\/2021\/10\/Shaun-McNiff-Art-as-medicine-sm.jpg\u00a0\u00bb _builder_version=\u00a0\u00bb4.11.4&Prime; _module_preset=\u00a0\u00bbdefault\u00a0\u00bb hover_enabled=\u00a0\u00bb0&Prime; sticky_enabled=\u00a0\u00bb0&Prime; title_text=\u00a0\u00bbShaun McNiff L&rsquo;art comme m\u00e9dicament sm\u00a0\u00bb][\/et_pb_image][\/et_pb_column][et_pb_column _builder_version=\u00a0\u00bb4.11.4&Prime; _module_preset=\u00a0\u00bbdefault\u00a0\u00bb type=\u00a0\u00bb2_3&Prime;][et_pb_text _builder_version=\u00a0\u00bb4.11.4&Prime; _module_preset=\u00a0\u00bbdefault\u00a0\u00bb hover_enabled=\u00a0\u00bb0&Prime; sticky_enabled=\u00a0\u00bb0&Prime;]<\/p>\n<p class=\"p1\">\u00ab Je consid\u00e8re l&rsquo;art comme un m\u00e9dicament qui passe par diff\u00e9rentes phases de cr\u00e9ation et de r\u00e9flexion. Bien que les th\u00e9rapeutes et les autres personnes impliqu\u00e9es dans ce processus apportent leur contribution en tant que guides et t\u00e9moins, l&rsquo;agent m\u00e9dicinal est l&rsquo;art lui-m\u00eame, qui lib\u00e8re et contient les forces th\u00e9rapeutiques de la psych\u00e9. Le m\u00e9dicament offert par la m\u00e9ditation sur l&rsquo;art est g\u00e9n\u00e9ralement une infusion d&rsquo;imagination et de conscience plut\u00f4t qu&rsquo;une r\u00e9ponse sp\u00e9cifique. Les \u201cmessages\u201d peuvent en d\u00e9finitive, \u00eatre moins importants que l&rsquo;engagement des images. Plut\u00f4t que de comprendre la \u201csignifiance\u201d de la glissade agr\u00e9able du r\u00eaveur le long de la grande perche dans l&rsquo;obscurit\u00e9, nous appr\u00e9cions la glissade et nous nous retenons \u00e0 l&rsquo;image \u00bb.<\/p>\n<p>[\/et_pb_text][\/et_pb_column][\/et_pb_row][et_pb_row _builder_version=\u00a0\u00bb4.11.4&Prime; _module_preset=\u00a0\u00bbdefault\u00a0\u00bb global_colors_info=\u00a0\u00bb{}\u00a0\u00bb custom_padding=\u00a0\u00bb0px|||||\u00a0\u00bb][et_pb_column type=\u00a0\u00bb4_4&Prime; _builder_version=\u00a0\u00bb4.11.4&Prime; _module_preset=\u00a0\u00bbdefault\u00a0\u00bb global_colors_info=\u00a0\u00bb{}\u00a0\u00bb][et_pb_text _builder_version=\u00a0\u00bb4.11.4&Prime; _module_preset=\u00a0\u00bbdefault\u00a0\u00bb global_colors_info=\u00a0\u00bb{}\u00a0\u00bb]<\/p>\n<p class=\"p1\">\u00ab Pourtant, les images artistiques nous incitent \u00e0 les regarder et \u00e0 r\u00e9fl\u00e9chir \u00e0 leur nature, tant physique que psychologique. L&rsquo;interpr\u00e9tation entre dans le monde de l&rsquo;image en r\u00e9ponse \u00e0 sa nature. Plut\u00f4t que d&rsquo;\u00e9tiqueter les images \u00e0 partir de nos cadres de r\u00e9f\u00e9rence, nous m\u00e9ditons sur elles, nous racontons des histoires sur la fa\u00e7on dont nous les avons cr\u00e9\u00e9es, nous leur parlons, nous \u00e9coutons ce qu&rsquo;elles ont \u00e0 dire, nous les dramatisons par nos mouvements corporels et nous en r\u00eavons. Toutes ces m\u00e9thodes sont consacr\u00e9es \u00e0 la lib\u00e9ration continue de la m\u00e9decine expressive de l&rsquo;art. L&rsquo;analyse et la raison apportent de nombreuses contributions \u00e0 nos m\u00e9ditations, mais elles ne les dominent pas \u00bb.<\/p>\n<p class=\"p2\">&#8211; L&rsquo;art comme m\u00e9dicament : Cr\u00e9er une th\u00e9rapie de l&rsquo;imagination<\/p>\n<p>[\/et_pb_text][\/et_pb_column][\/et_pb_row][et_pb_row _builder_version=\u00a0\u00bb4.11.4&Prime; _module_preset=\u00a0\u00bbdefault\u00a0\u00bb column_structure=\u00a0\u00bb1_3,2_3&Prime;][et_pb_column _builder_version=\u00a0\u00bb4.11.4&Prime; _module_preset=\u00a0\u00bbdefault\u00a0\u00bb type=\u00a0\u00bb1_3&Prime;][et_pb_image src=\u00a0\u00bbhttps:\/\/cocreations.ca\/wp-content\/uploads\/2021\/10\/Imagination-in-Action-by-Shaun-McNiff-sm.jpg\u00a0\u00bb _builder_version=\u00a0\u00bb4.11.4&Prime; _module_preset=\u00a0\u00bbdefault\u00a0\u00bb hover_enabled=\u00a0\u00bb0&Prime; sticky_enabled=\u00a0\u00bb0&Prime; title_text=\u00a0\u00bbL&rsquo;imagination en action par Shaun McNiff sm\u00a0\u00bb][\/et_pb_image][\/et_pb_column][et_pb_column _builder_version=\u00a0\u00bb4.11.4&Prime; _module_preset=\u00a0\u00bbdefault\u00a0\u00bb type=\u00a0\u00bb2_3&Prime;][et_pb_text _builder_version=\u00a0\u00bb4.11.4&Prime; _module_preset=\u00a0\u00bbdefault\u00a0\u00bb hover_enabled=\u00a0\u00bb0&Prime; sticky_enabled=\u00a0\u00bb0&Prime;]<\/p>\n<p class=\"p1\">En 1973, McNiff a donn\u00e9 les premiers cours d&rsquo;art-th\u00e9rapie \u00e0 Lesley et, en 1974, a cr\u00e9\u00e9 les programmes d&rsquo;\u00e9tudes sup\u00e9rieures en th\u00e9rapies expressives et en arts int\u00e9gr\u00e9s dans l&rsquo;\u00e9ducation. Un pionnier international de la th\u00e9rapie par les arts expressifs, Shaun McNiff, a \u00e9crit de nombreux ouvrages sur la gu\u00e9rison par l&rsquo;art et l&rsquo;am\u00e9lioration de la cr\u00e9ativit\u00e9. <\/p>\n<p class=\"p1\">http:\/\/www.shaunmcniff.com<\/p>\n<p>[\/et_pb_text][\/et_pb_column][\/et_pb_row][\/et_pb_section]<\/p>\n","protected":false},"excerpt":{"rendered":"<p>Shaun McNiff a cr\u00e9\u00e9 des guides permettant d&#8217;embrasser les hauts et les bas du processus artistique et de les laisser vous accompagner dans votre voyage cr\u00e9atif unique. Il saisit brillamment les id\u00e9es essentielles et d\u00e9crit ce que j&rsquo;ai pu ressentir, sentir et transformer gr\u00e2ce aux arts : \u00ab Que ce soit dans la peinture, la [&hellip;]<\/p>\n","protected":false},"author":1,"featured_media":3417,"comment_status":"open","ping_status":"open","sticky":false,"template":"","format":"standard","meta":{"_et_pb_use_builder":"on","_et_pb_old_content":"","_et_gb_content_width":"","footnotes":""},"categories":[184,178,179],"tags":[],"post_folder":[],"class_list":["post-3546","post","type-post","status-publish","format-standard","has-post-thumbnail","hentry","category-bien-etre","category-creativite","category-lart-au-service-de-la-sante"],"_links":{"self":[{"href":"https:\/\/cocreations.ca\/fr\/wp-json\/wp\/v2\/posts\/3546","targetHints":{"allow":["GET"]}}],"collection":[{"href":"https:\/\/cocreations.ca\/fr\/wp-json\/wp\/v2\/posts"}],"about":[{"href":"https:\/\/cocreations.ca\/fr\/wp-json\/wp\/v2\/types\/post"}],"author":[{"embeddable":true,"href":"https:\/\/cocreations.ca\/fr\/wp-json\/wp\/v2\/users\/1"}],"replies":[{"embeddable":true,"href":"https:\/\/cocreations.ca\/fr\/wp-json\/wp\/v2\/comments?post=3546"}],"version-history":[{"count":5,"href":"https:\/\/cocreations.ca\/fr\/wp-json\/wp\/v2\/posts\/3546\/revisions"}],"predecessor-version":[{"id":3568,"href":"https:\/\/cocreations.ca\/fr\/wp-json\/wp\/v2\/posts\/3546\/revisions\/3568"}],"wp:featuredmedia":[{"embeddable":true,"href":"https:\/\/cocreations.ca\/fr\/wp-json\/wp\/v2\/media\/3417"}],"wp:attachment":[{"href":"https:\/\/cocreations.ca\/fr\/wp-json\/wp\/v2\/media?parent=3546"}],"wp:term":[{"taxonomy":"category","embeddable":true,"href":"https:\/\/cocreations.ca\/fr\/wp-json\/wp\/v2\/categories?post=3546"},{"taxonomy":"post_tag","embeddable":true,"href":"https:\/\/cocreations.ca\/fr\/wp-json\/wp\/v2\/tags?post=3546"},{"taxonomy":"post_folder","embeddable":true,"href":"https:\/\/cocreations.ca\/fr\/wp-json\/wp\/v2\/post_folder?post=3546"}],"curies":[{"name":"wp","href":"https:\/\/api.w.org\/{rel}","templated":true}]}}